{"id":29624,"date":"2026-01-07T09:00:25","date_gmt":"2026-01-07T06:00:25","guid":{"rendered":"https:\/\/www.fener.org\/?p=29624"},"modified":"2026-01-07T09:00:29","modified_gmt":"2026-01-07T06:00:29","slug":"sarunas-jasikevicius-fenerbahce-dunyadaki-en-buyuk-spor-kuluplerinden-biri","status":"publish","type":"post","link":"https:\/\/www.fener.org\/index.php\/2026\/01\/07\/sarunas-jasikevicius-fenerbahce-dunyadaki-en-buyuk-spor-kuluplerinden-biri\/","title":{"rendered":"Sarunas Jasikevicius: Fenerbah\u00e7e d\u00fcnyadaki en b\u00fcy\u00fck spor kul\u00fcplerinden biri"},"content":{"rendered":"\n<p>Ba\u015fantren\u00f6r\u00fcm\u00fcz Sarunas Jasikevicius, Fenerbah\u00e7e Beko Erkek Basketbol Tak\u0131m\u0131m\u0131z\u0131n Olympiacos\u2019u 88-80 ma\u011flup etti\u011fi ma\u00e7\u0131n ard\u0131ndan d\u00fczenlenen bas\u0131n toplant\u0131s\u0131nda \u015fu a\u00e7\u0131klamalar\u0131 yapt\u0131:<\/p>\n\n\n\n<blockquote class=\"wp-block-quote is-layout-flow wp-block-quote-is-layout-flow\">\n<p>\u201cTak\u0131m\u0131 ve taraftarlar\u0131m\u0131z\u0131 tebrik ediyorum. Asl\u0131nda yava\u015f ba\u015flad\u0131k ama Olympiacos\u2019a kar\u015f\u0131 bekledi\u011fimiz bir ba\u015flang\u0131\u00e7t\u0131. \u00c7\u00fcnk\u00fc onlar\u0131 iyi yapt\u0131\u011f\u0131 \u015feylerden uzakla\u015ft\u0131rmak \u00e7ok kolay de\u011fildi ama biz genel olarak tak\u0131m anlam\u0131nda yava\u015f ad\u0131mlar att\u0131k. Fakat fark\u0131n a\u00e7\u0131lmamas\u0131 bizim i\u00e7in \u00e7ok iyiydi, ma\u00e7\u0131n i\u00e7erisinde kald\u0131k. \u0130lk yar\u0131 bitti\u011finde 13\u2019te 0 ya da 14\u2019te 0 \u00fc\u00e7l\u00fc\u011f\u00fcm\u00fcz vard\u0131. \u0130kinci yar\u0131 biraz sab\u0131r g\u00f6sterdik ve topu daha iyi payla\u015ft\u0131k. Sonucunda da 10 \u00fc\u00e7l\u00fck isabeti buldu\u011fumuzda i\u015fler de\u011fi\u015fti. Temel olarak fark yaratan buydu.<\/p>\n\n\n\n<p>Devre aras\u0131 konu\u015fmamda herhangi bir s\u0131r yok. Sadece dar bir rotasyonla daha az oyuncuyla oynuyorum. Oyuncular\u0131m\u0131 da daha fazla y\u00fckleniyorum.<\/p>\n\n\n\n<p>Fenerbah\u00e7e d\u00fcnyadaki en b\u00fcy\u00fck spor kul\u00fcplerinden biri. \u00c7ok fazla bran\u015fta m\u00fccadele ediyor. \u015eu an bunu ki\u015fisel olarak kutlamak isterdim ama yar\u0131n Dubai\u2019ye gidiyoruz. \u00c7ok \u00e7\u0131lg\u0131n bir takvimden ge\u00e7iyoruz. Kar\u015f\u0131la\u015fmadan \u00f6nce Olympiacos ko\u00e7u Barcokas ile bu s\u0131k\u0131\u015f\u0131k takvimde tak\u0131mlar\u0131m\u0131z\u0131 nas\u0131l haz\u0131rlayabiliriz diye konu\u015ftuk ama bizim hayat\u0131m\u0131z bu.<\/p>\n\n\n\n<p>Bir kere \u015funu unutmamam\u0131z gerekiyor Brandon Boston JR. sakatl\u0131ktan d\u00f6nd\u00fc. Onunla ilgili sab\u0131rl\u0131 olmam\u0131z gerekti\u011fini biliyorduk. Gen\u00e7 bir oyuncu ve d\u00fcnyan\u0131n farkl\u0131 bir yerinden buraya geldi. Ama sakatl\u0131k durumu beklentimizin d\u0131\u015f\u0131ndayd\u0131. Her \u015feyi yapmaya ve sahada uygulamaya \u00e7al\u0131\u015f\u0131yor. Bizi \u00e7ok iyi dinliyor ve o harika biri. Geldi\u011finde tam haz\u0131r de\u011fildi ve her \u015fey onun aleyhineydi ama \u00e7al\u0131\u015fmaya devam etti. Antrenmanlarda ve halter salonunda en \u00e7ok \u00e7al\u0131\u015fanlardan biri. G\u00fcn\u00fcn sonunda onun bu geli\u015fiminden dolay\u0131 \u00e7ok mutluyum.<\/p>\n\n\n\n<p>Nando De Colo\u2019nun ne kadar katk\u0131 verece\u011fini \u015fu an bilemeyiz \u00e7\u00fcnk\u00fc biz k\u00e2hin de\u011filiz. Ama herkes Nando gibi karakterli, tecr\u00fcbeli oyuncular\u0131 tak\u0131m\u0131nda ister. Onun sisteme ve tak\u0131ma nas\u0131l uyum sa\u011flayaca\u011f\u0131n\u0131 g\u00f6rece\u011fiz. Normal \u015fartlarda onun ya\u015f\u0131nda ve tecr\u00fcbesinde birinin sisteme adapte olmas\u0131n\u0131 beklersiniz. Nando&#8217;nun sisteme ve tak\u0131ma al\u0131\u015fmas\u0131 i\u00e7in \u00e7ok sab\u0131rl\u0131 olaca\u011f\u0131z. Onu tak\u0131ma katt\u0131\u011f\u0131m\u0131z i\u00e7in b\u00fcy\u00fck mutluluk duyuyoruz.\u201d<\/p>\n<\/blockquote>\n","protected":false},"excerpt":{"rendered":"<p>Ba\u015fantren\u00f6r\u00fcm\u00fcz Sarunas Jasikevicius, Fenerbah\u00e7e Beko Erkek Basketbol Tak\u0131m\u0131m\u0131z\u0131n Olympiacos\u2019u 88-80 ma\u011flup etti\u011fi ma\u00e7\u0131n ard\u0131ndan d\u00fczenlenen bas\u0131n toplant\u0131s\u0131nda \u015fu a\u00e7\u0131klamalar\u0131 yapt\u0131: \u201cTak\u0131m\u0131 ve taraftarlar\u0131m\u0131z\u0131 tebrik ediyorum. Asl\u0131nda yava\u015f ba\u015flad\u0131k ama Olympiacos\u2019a kar\u015f\u0131 bekledi\u011fimiz bir ba\u015flang\u0131\u00e7t\u0131. \u00c7\u00fcnk\u00fc onlar\u0131 iyi yapt\u0131\u011f\u0131 \u015feylerden uzakla\u015ft\u0131rmak \u00e7ok kolay de\u011fildi ama biz genel olarak tak\u0131m anlam\u0131nda yava\u015f ad\u0131mlar att\u0131k. Fakat fark\u0131n a\u00e7\u0131lmamas\u0131 [&hellip;]<\/p>\n","protected":false},"author":1,"featured_media":29625,"comment_status":"closed","ping_status":"closed","sticky":false,"template":"","format":"standard","meta":{"jnews-multi-image_gallery":[],"jnews_single_post":{"format":"standard","override":[{"template":"1","parallax":"1","fullscreen":"1","layout":"right-sidebar","sidebar":"mysidebar","second_sidebar":"default-sidebar","sticky_sidebar":"1","share_position":"float","share_float_style":"share-normal","show_share_counter":"1","show_view_counter":"1","show_featured":"1","show_post_meta":"1","show_post_author_image":"1","show_post_date":"1","post_date_format":"default","post_date_format_custom":"Y\/m\/d","show_post_reading_time":"0","post_reading_time_wpm":"300","post_calculate_word_method":"str_word_count","show_zoom_button":"0","zoom_button_out_step":"2","zoom_button_in_step":"3","show_prev_next_post":"1","show_comment_section":"1","number_popup_post":"3","show_author_box":"0","show_post_related":"0","show_inline_post_related":"0"}],"image_override":[{"single_post_thumbnail_size":"crop-500","single_post_gallery_size":"crop-500"}],"trending_post_position":"meta","trending_post_label":"Trending","sponsored_post_label":"Sponsored by","disable_ad":"0","subtitle":"Ba\u015fantren\u00f6r\u00fcm\u00fcz Sarunas Jasikevicius, O0lympiacos ile oynad\u0131\u011f\u0131m\u0131z ma\u00e7\u0131n ard\u0131ndan de\u011ferlendirmelerde bulundu."},"jnews_primary_category":{"id":"5"},"jnews_social_meta":[],"jnews_override_counter":{"view_counter_number":"0","share_counter_number":"0","like_counter_number":"0","dislike_counter_number":"0"},"footnotes":""},"categories":[5,6,2],"tags":[24,74,23],"class_list":["post-29624","post","type-post","status-publish","format-standard","has-post-thumbnail","hentry","category-basketbol","category-erkek-basketbol","category-haberler","tag-basketbol","tag-euroleague","tag-fenerbahce"],"amp_enabled":true,"_links":{"self":[{"href":"https:\/\/www.fener.org\/index.php\/wp-json\/wp\/v2\/posts\/29624","targetHints":{"allow":["GET"]}}],"collection":[{"href":"https:\/\/www.fener.org\/index.php\/wp-json\/wp\/v2\/posts"}],"about":[{"href":"https:\/\/www.fener.org\/index.php\/wp-json\/wp\/v2\/types\/post"}],"author":[{"embeddable":true,"href":"https:\/\/www.fener.org\/index.php\/wp-json\/wp\/v2\/users\/1"}],"replies":[{"embeddable":true,"href":"https:\/\/www.fener.org\/index.php\/wp-json\/wp\/v2\/comments?post=29624"}],"version-history":[{"count":2,"href":"https:\/\/www.fener.org\/index.php\/wp-json\/wp\/v2\/posts\/29624\/revisions"}],"predecessor-version":[{"id":29628,"href":"https:\/\/www.fener.org\/index.php\/wp-json\/wp\/v2\/posts\/29624\/revisions\/29628"}],"wp:featuredmedia":[{"embeddable":true,"href":"https:\/\/www.fener.org\/index.php\/wp-json\/wp\/v2\/media\/29625"}],"wp:attachment":[{"href":"https:\/\/www.fener.org\/index.php\/wp-json\/wp\/v2\/media?parent=29624"}],"wp:term":[{"taxonomy":"category","embeddable":true,"href":"https:\/\/www.fener.org\/index.php\/wp-json\/wp\/v2\/categories?post=29624"},{"taxonomy":"post_tag","embeddable":true,"href":"https:\/\/www.fener.org\/index.php\/wp-json\/wp\/v2\/tags?post=29624"}],"curies":[{"name":"wp","href":"https:\/\/api.w.org\/{rel}","templated":true}]}}