{"id":29602,"date":"2026-01-05T23:44:49","date_gmt":"2026-01-05T20:44:49","guid":{"rendered":"https:\/\/www.fener.org\/?p=29602"},"modified":"2026-01-05T23:46:21","modified_gmt":"2026-01-05T20:46:21","slug":"fenerbahce-medicana-pge-budowlani-lodza-konuk-oluyor","status":"publish","type":"post","link":"https:\/\/www.fener.org\/index.php\/2026\/01\/05\/fenerbahce-medicana-pge-budowlani-lodza-konuk-oluyor\/","title":{"rendered":"Fenerbah\u00e7e Medicana, PGE Budowlani \u0141\u00d3D\u0179\u2019a konuk oluyor"},"content":{"rendered":"\n<p>Fenerbah\u00e7e Medicana Kad\u0131n Voleybol Tak\u0131m\u0131m\u0131z, CEV Kad\u0131nlar \u015eampiyonlar Ligi B Grubu 3. ma\u00e7\u0131nda Polonya temsilcisi PGE Budowlani \u0141\u00d3D\u0179 ile deplasmanda kar\u015f\u0131la\u015facak.<\/p>\n\n\n\n<p>6 Ocak Sal\u0131 g\u00fcn\u00fc \u0141\u00d3D\u0179 Sport Arena\u2019da oynanacak m\u00fccadele saat 20.00\u2019de ba\u015flayacak.<\/p>\n\n\n\n<p>Gruptaki iki ma\u00e7\u0131ndan da galibiyetle ayr\u0131lan Fenerbah\u00e7e Medicana ilk s\u0131rada bulunurken, rakip PGE Budowlani \u0141\u00d3D\u0179 ise 2 ma\u011flubiyetle son s\u0131rada yer al\u0131yor.<\/p>\n","protected":false},"excerpt":{"rendered":"<p>Fenerbah\u00e7e Medicana Kad\u0131n Voleybol Tak\u0131m\u0131m\u0131z, CEV Kad\u0131nlar \u015eampiyonlar Ligi B Grubu 3. ma\u00e7\u0131nda Polonya temsilcisi PGE Budowlani \u0141\u00d3D\u0179 ile deplasmanda kar\u015f\u0131la\u015facak. 6 Ocak Sal\u0131 g\u00fcn\u00fc \u0141\u00d3D\u0179 Sport Arena\u2019da oynanacak m\u00fccadele saat 20.00\u2019de ba\u015flayacak. Gruptaki iki ma\u00e7\u0131ndan da galibiyetle ayr\u0131lan Fenerbah\u00e7e Medicana ilk s\u0131rada bulunurken, rakip PGE Budowlani \u0141\u00d3D\u0179 ise 2 ma\u011flubiyetle son s\u0131rada yer al\u0131yor.<\/p>\n","protected":false},"author":1,"featured_media":28789,"comment_status":"closed","ping_status":"closed","sticky":false,"template":"","format":"standard","meta":{"jnews-multi-image_gallery":[],"jnews_single_post":{"format":"standard","override":[{"template":"1","parallax":"1","fullscreen":"1","layout":"right-sidebar","sidebar":"mysidebar","second_sidebar":"default-sidebar","sticky_sidebar":"1","share_position":"float","share_float_style":"share-normal","show_share_counter":"1","show_view_counter":"1","show_featured":"1","show_post_meta":"1","show_post_author_image":"1","show_post_date":"1","post_date_format":"default","post_date_format_custom":"Y\/m\/d","show_post_reading_time":"0","post_reading_time_wpm":"300","post_calculate_word_method":"str_word_count","show_zoom_button":"0","zoom_button_out_step":"2","zoom_button_in_step":"3","show_prev_next_post":"1","show_comment_section":"1","number_popup_post":"3","show_author_box":"0","show_post_related":"0","show_inline_post_related":"0"}],"image_override":[{"single_post_thumbnail_size":"crop-500","single_post_gallery_size":"crop-500"}],"trending_post_position":"meta","trending_post_label":"Trending","sponsored_post_label":"Sponsored by","disable_ad":"0","subtitle":"Fenerbah\u00e7e Kad\u0131n Voleybol Tak\u0131m\u0131m\u0131z, CEV Kad\u0131nlar \u015eampiyonlar Ligi B Grubu 3. ma\u00e7\u0131nda deplasmanda PGE Budowlani \u0141\u00d3D\u0179 ile kar\u015f\u0131la\u015f\u0131yor."},"jnews_primary_category":{"id":"8"},"jnews_social_meta":[],"jnews_override_counter":{"view_counter_number":"0","share_counter_number":"0","like_counter_number":"0","dislike_counter_number":"0"},"footnotes":""},"categories":[2,10,8],"tags":[23,29],"class_list":["post-29602","post","type-post","status-publish","format-standard","has-post-thumbnail","hentry","category-haberler","category-kadin-voleybol","category-voleybol","tag-fenerbahce","tag-voleybol"],"amp_enabled":true,"_links":{"self":[{"href":"https:\/\/www.fener.org\/index.php\/wp-json\/wp\/v2\/posts\/29602","targetHints":{"allow":["GET"]}}],"collection":[{"href":"https:\/\/www.fener.org\/index.php\/wp-json\/wp\/v2\/posts"}],"about":[{"href":"https:\/\/www.fener.org\/index.php\/wp-json\/wp\/v2\/types\/post"}],"author":[{"embeddable":true,"href":"https:\/\/www.fener.org\/index.php\/wp-json\/wp\/v2\/users\/1"}],"replies":[{"embeddable":true,"href":"https:\/\/www.fener.org\/index.php\/wp-json\/wp\/v2\/comments?post=29602"}],"version-history":[{"count":2,"href":"https:\/\/www.fener.org\/index.php\/wp-json\/wp\/v2\/posts\/29602\/revisions"}],"predecessor-version":[{"id":29604,"href":"https:\/\/www.fener.org\/index.php\/wp-json\/wp\/v2\/posts\/29602\/revisions\/29604"}],"wp:featuredmedia":[{"embeddable":true,"href":"https:\/\/www.fener.org\/index.php\/wp-json\/wp\/v2\/media\/28789"}],"wp:attachment":[{"href":"https:\/\/www.fener.org\/index.php\/wp-json\/wp\/v2\/media?parent=29602"}],"wp:term":[{"taxonomy":"category","embeddable":true,"href":"https:\/\/www.fener.org\/index.php\/wp-json\/wp\/v2\/categories?post=29602"},{"taxonomy":"post_tag","embeddable":true,"href":"https:\/\/www.fener.org\/index.php\/wp-json\/wp\/v2\/tags?post=29602"}],"curies":[{"name":"wp","href":"https:\/\/api.w.org\/{rel}","templated":true}]}}