{"id":29328,"date":"2025-12-10T18:33:36","date_gmt":"2025-12-10T15:33:36","guid":{"rendered":"https:\/\/www.fener.org\/?p=29328"},"modified":"2025-12-10T18:33:41","modified_gmt":"2025-12-10T15:33:41","slug":"fenerbahce-opet-umana-reyer-veneziayi-agirliyor","status":"publish","type":"post","link":"https:\/\/www.fener.org\/index.php\/2025\/12\/10\/fenerbahce-opet-umana-reyer-veneziayi-agirliyor\/","title":{"rendered":"Fenerbah\u00e7e Opet, Umana Reyer Venezia&#8217;y\u0131 a\u011f\u0131rl\u0131yor"},"content":{"rendered":"\n<p>Fenerbah\u00e7e Opet Kad\u0131n Basketbol Tak\u0131m\u0131m\u0131z, EuroLeague Women 2. Tur F Grubu ilk ma\u00e7\u0131nda Umana Reyer Venezia&#8217;y\u0131 konuk ediyor.<\/p>\n\n\n\n<p>10 Aral\u0131k \u00c7ar\u015famba g\u00fcn\u00fc (yar\u0131n) Fenerbah\u00e7e \u00dclker Spor ve Etkinlik Salonu\u2019nda saat 20.00\u2019de oynanacak m\u00fccadele FB TV ve Fenerbah\u00e7e YouTube\u2019dan canl\u0131 yay\u0131nlanacak.<\/p>\n\n\n\n<p>Fenerbah\u00e7e Opet, ilk tur grubunu 6&#8217;da 6 yaparak zirvede tamamlad\u0131.<\/p>\n\n\n\n<p>Tak\u0131m\u0131m\u0131z, EuroLeague\u2019de bu sezon 78.8 say\u0131, 33.4 ribaund, 24.7 asist, 11.9 top \u00e7alma ve 2.1 blok ortalamalar\u0131 ile oynuyor.<\/p>\n\n\n\n<p>Rakip Umana Reyer Venezia, ilk tur grubunu 4 galibiyet &#8211; 2 ma\u011flubiyet ile ikinci tamamlad\u0131.<\/p>\n\n\n\n<p>\u0130talya ekibi ile daha \u00f6nce 2 kez kar\u015f\u0131la\u015fan tak\u0131m\u0131m\u0131z, bu ma\u00e7lar\u0131n ikisini de kazand\u0131.<\/p>\n","protected":false},"excerpt":{"rendered":"<p>Fenerbah\u00e7e Opet Kad\u0131n Basketbol Tak\u0131m\u0131m\u0131z, EuroLeague Women 2. Tur F Grubu ilk ma\u00e7\u0131nda Umana Reyer Venezia&#8217;y\u0131 konuk ediyor. 10 Aral\u0131k \u00c7ar\u015famba g\u00fcn\u00fc (yar\u0131n) Fenerbah\u00e7e \u00dclker Spor ve Etkinlik Salonu\u2019nda saat 20.00\u2019de oynanacak m\u00fccadele FB TV ve Fenerbah\u00e7e YouTube\u2019dan canl\u0131 yay\u0131nlanacak. Fenerbah\u00e7e Opet, ilk tur grubunu 6&#8217;da 6 yaparak zirvede tamamlad\u0131. Tak\u0131m\u0131m\u0131z, EuroLeague\u2019de bu sezon 78.8 [&hellip;]<\/p>\n","protected":false},"author":1,"featured_media":29026,"comment_status":"closed","ping_status":"closed","sticky":false,"template":"","format":"standard","meta":{"jnews-multi-image_gallery":[],"jnews_single_post":{"format":"standard","override":[{"template":"1","parallax":"1","fullscreen":"1","layout":"right-sidebar","sidebar":"mysidebar","second_sidebar":"default-sidebar","sticky_sidebar":"1","share_position":"float","share_float_style":"share-normal","show_share_counter":"1","show_view_counter":"1","show_featured":"1","show_post_meta":"1","show_post_author_image":"1","show_post_date":"1","post_date_format":"default","post_date_format_custom":"Y\/m\/d","show_post_reading_time":"0","post_reading_time_wpm":"300","post_calculate_word_method":"str_word_count","show_zoom_button":"0","zoom_button_out_step":"2","zoom_button_in_step":"3","show_prev_next_post":"1","number_popup_post":"3","show_author_box":"0","show_post_related":"0","show_inline_post_related":"0"}],"image_override":[{"single_post_thumbnail_size":"crop-500","single_post_gallery_size":"crop-500"}],"trending_post_position":"meta","trending_post_label":"Trending","sponsored_post_label":"Sponsored by","disable_ad":"0","subtitle":"Fenerbah\u00e7e Kad\u0131n Basketbol Tak\u0131m\u0131m\u0131z, EuroLeague Women 2. Tur F Grubu ilk ma\u00e7\u0131nda sahas\u0131nda Umana Reyer Venezia ile kar\u015f\u0131la\u015f\u0131yor."},"jnews_primary_category":{"id":"5"},"jnews_social_meta":[],"jnews_override_counter":{"view_counter_number":"0","share_counter_number":"0","like_counter_number":"0","dislike_counter_number":"0"},"footnotes":""},"categories":[5,2,7],"tags":[24,70,23],"class_list":["post-29328","post","type-post","status-publish","format-standard","has-post-thumbnail","hentry","category-basketbol","category-haberler","category-kadin-basketbol","tag-basketbol","tag-euroleaguewomen","tag-fenerbahce"],"amp_enabled":true,"_links":{"self":[{"href":"https:\/\/www.fener.org\/index.php\/wp-json\/wp\/v2\/posts\/29328","targetHints":{"allow":["GET"]}}],"collection":[{"href":"https:\/\/www.fener.org\/index.php\/wp-json\/wp\/v2\/posts"}],"about":[{"href":"https:\/\/www.fener.org\/index.php\/wp-json\/wp\/v2\/types\/post"}],"author":[{"embeddable":true,"href":"https:\/\/www.fener.org\/index.php\/wp-json\/wp\/v2\/users\/1"}],"replies":[{"embeddable":true,"href":"https:\/\/www.fener.org\/index.php\/wp-json\/wp\/v2\/comments?post=29328"}],"version-history":[{"count":1,"href":"https:\/\/www.fener.org\/index.php\/wp-json\/wp\/v2\/posts\/29328\/revisions"}],"predecessor-version":[{"id":29329,"href":"https:\/\/www.fener.org\/index.php\/wp-json\/wp\/v2\/posts\/29328\/revisions\/29329"}],"wp:featuredmedia":[{"embeddable":true,"href":"https:\/\/www.fener.org\/index.php\/wp-json\/wp\/v2\/media\/29026"}],"wp:attachment":[{"href":"https:\/\/www.fener.org\/index.php\/wp-json\/wp\/v2\/media?parent=29328"}],"wp:term":[{"taxonomy":"category","embeddable":true,"href":"https:\/\/www.fener.org\/index.php\/wp-json\/wp\/v2\/categories?post=29328"},{"taxonomy":"post_tag","embeddable":true,"href":"https:\/\/www.fener.org\/index.php\/wp-json\/wp\/v2\/tags?post=29328"}],"curies":[{"name":"wp","href":"https:\/\/api.w.org\/{rel}","templated":true}]}}