{"id":29317,"date":"2025-12-07T17:03:09","date_gmt":"2025-12-07T14:03:09","guid":{"rendered":"https:\/\/www.fener.org\/?p=29317"},"modified":"2025-12-07T17:03:12","modified_gmt":"2025-12-07T14:03:12","slug":"fenerbahce-arsavev-1-0-galatasaray-gain","status":"publish","type":"post","link":"https:\/\/www.fener.org\/index.php\/2025\/12\/07\/fenerbahce-arsavev-1-0-galatasaray-gain\/","title":{"rendered":"Fenerbah\u00e7e arsaVev 1-0 Galatasaray Gain"},"content":{"rendered":"\n<p>Fenerbah\u00e7e arsaVev Kad\u0131n Futbol Tak\u0131m\u0131m\u0131z, Turkcell Kad\u0131n Futbol S\u00fcper Ligi\u2019nin 11. hafta ma\u00e7\u0131nda Galatasaray Gain\u2019i konuk etti.<\/p>\n\n\n\n<p>Chobani Stadyumu Fenerbah\u00e7e \u015e\u00fckr\u00fc Saraco\u011flu Spor Kompleksi&#8217;nde oynanan ve sadece Fenerbah\u00e7e YouTube&#8217;dan yay\u0131nlanan derbi m\u00fcsabakas\u0131n\u0131 1-0 kazanan Tak\u0131m\u0131m\u0131z 11\u2019de 11 yapt\u0131 liderli\u011fe y\u00fckseldi.<\/p>\n\n\n\n<p>Fenerbah\u00e7emize galibiyeti getiren gol\u00fc 64. dakikada penalt\u0131dan Marta Cox kaydetti.<\/p>\n\n\n\n<p>M\u00fccadeleyi Ba\u015fkan\u0131m\u0131z Sadettin Saran ve Y\u00f6netim Kurulu \u00dcyelerimiz ile Aile ve Sosyal Hizmetler Bakan Yard\u0131mc\u0131s\u0131 Leman Yenig\u00fcn, Ak Parti MKYK \u00dcyesi M\u00fcjde Kotil, MHP Kocaeli Milletvekili Saffet Sancakl\u0131, 27-28. D\u00f6nem \u0130stanbul Milletvekili R\u00fcmeysa Kadak ve \u00d6zel Kalem M\u00fcd\u00fcr\u00fc Abd\u00fclkerim Pirim takip etti.<\/p>\n\n\n\n<p>Fenerbah\u00e7e arsaVev, 12. hafta ma\u00e7\u0131nda 14 Aral\u0131k Pazar g\u00fcn\u00fc saat 14.00\u2019te Ankara B.B. Fomget ile deplasmanda kar\u015f\u0131la\u015facak.<\/p>\n","protected":false},"excerpt":{"rendered":"<p>Fenerbah\u00e7e arsaVev Kad\u0131n Futbol Tak\u0131m\u0131m\u0131z, Turkcell Kad\u0131n Futbol S\u00fcper Ligi\u2019nin 11. hafta ma\u00e7\u0131nda Galatasaray Gain\u2019i konuk etti. Chobani Stadyumu Fenerbah\u00e7e \u015e\u00fckr\u00fc Saraco\u011flu Spor Kompleksi&#8217;nde oynanan ve sadece Fenerbah\u00e7e YouTube&#8217;dan yay\u0131nlanan derbi m\u00fcsabakas\u0131n\u0131 1-0 kazanan Tak\u0131m\u0131m\u0131z 11\u2019de 11 yapt\u0131 liderli\u011fe y\u00fckseldi. Fenerbah\u00e7emize galibiyeti getiren gol\u00fc 64. dakikada penalt\u0131dan Marta Cox kaydetti. M\u00fccadeleyi Ba\u015fkan\u0131m\u0131z Sadettin Saran ve [&hellip;]<\/p>\n","protected":false},"author":1,"featured_media":29318,"comment_status":"closed","ping_status":"closed","sticky":false,"template":"","format":"standard","meta":{"jnews-multi-image_gallery":[],"jnews_single_post":{"format":"standard","override":[{"template":"1","parallax":"1","fullscreen":"1","layout":"right-sidebar","sidebar":"mysidebar","second_sidebar":"default-sidebar","sticky_sidebar":"1","share_position":"float","share_float_style":"share-normal","show_share_counter":"1","show_view_counter":"1","show_featured":"1","show_post_meta":"1","show_post_author_image":"1","show_post_date":"1","post_date_format":"default","post_date_format_custom":"Y\/m\/d","show_post_reading_time":"0","post_reading_time_wpm":"300","post_calculate_word_method":"str_word_count","show_zoom_button":"0","zoom_button_out_step":"2","zoom_button_in_step":"3","show_prev_next_post":"1","number_popup_post":"3","show_author_box":"0","show_post_related":"0","show_inline_post_related":"0"}],"image_override":[{"single_post_thumbnail_size":"crop-500","single_post_gallery_size":"crop-500"}],"trending_post_position":"meta","trending_post_label":"Trending","sponsored_post_label":"Sponsored by","disable_ad":"0","subtitle":"Fenerbah\u00e7e Kad\u0131n Futbol Tak\u0131m\u0131m\u0131z, Kad\u0131n Futbol S\u00fcper Ligi\u2019nin 11. haftas\u0131nda sahas\u0131nda Galatasaray ile oynad\u0131\u011f\u0131 ma\u00e7\u0131 1-0 kazand\u0131."},"jnews_primary_category":{"id":"4"},"jnews_social_meta":[],"jnews_override_counter":{"view_counter_number":"0","share_counter_number":"0","like_counter_number":"0","dislike_counter_number":"0"},"footnotes":""},"categories":[4,2,191],"tags":[192],"class_list":["post-29317","post","type-post","status-publish","format-standard","has-post-thumbnail","hentry","category-futbol","category-haberler","category-kadin-futbol","tag-kadinfutbol"],"amp_enabled":true,"_links":{"self":[{"href":"https:\/\/www.fener.org\/index.php\/wp-json\/wp\/v2\/posts\/29317","targetHints":{"allow":["GET"]}}],"collection":[{"href":"https:\/\/www.fener.org\/index.php\/wp-json\/wp\/v2\/posts"}],"about":[{"href":"https:\/\/www.fener.org\/index.php\/wp-json\/wp\/v2\/types\/post"}],"author":[{"embeddable":true,"href":"https:\/\/www.fener.org\/index.php\/wp-json\/wp\/v2\/users\/1"}],"replies":[{"embeddable":true,"href":"https:\/\/www.fener.org\/index.php\/wp-json\/wp\/v2\/comments?post=29317"}],"version-history":[{"count":1,"href":"https:\/\/www.fener.org\/index.php\/wp-json\/wp\/v2\/posts\/29317\/revisions"}],"predecessor-version":[{"id":29319,"href":"https:\/\/www.fener.org\/index.php\/wp-json\/wp\/v2\/posts\/29317\/revisions\/29319"}],"wp:featuredmedia":[{"embeddable":true,"href":"https:\/\/www.fener.org\/index.php\/wp-json\/wp\/v2\/media\/29318"}],"wp:attachment":[{"href":"https:\/\/www.fener.org\/index.php\/wp-json\/wp\/v2\/media?parent=29317"}],"wp:term":[{"taxonomy":"category","embeddable":true,"href":"https:\/\/www.fener.org\/index.php\/wp-json\/wp\/v2\/categories?post=29317"},{"taxonomy":"post_tag","embeddable":true,"href":"https:\/\/www.fener.org\/index.php\/wp-json\/wp\/v2\/tags?post=29317"}],"curies":[{"name":"wp","href":"https:\/\/api.w.org\/{rel}","templated":true}]}}