{"id":29293,"date":"2025-12-06T18:53:00","date_gmt":"2025-12-06T15:53:00","guid":{"rendered":"https:\/\/www.fener.org\/?p=29293"},"modified":"2025-12-06T18:53:04","modified_gmt":"2025-12-06T15:53:04","slug":"futbol-akademi-takimlarimizin-mac-sonuclari-5","status":"publish","type":"post","link":"https:\/\/www.fener.org\/index.php\/2025\/12\/06\/futbol-akademi-takimlarimizin-mac-sonuclari-5\/","title":{"rendered":"Futbol Akademi Tak\u0131mlar\u0131m\u0131z\u0131n ma\u00e7 sonu\u00e7lar\u0131"},"content":{"rendered":"\n<p>Fenerbah\u00e7e 16, 17 ve 19 Ya\u015f Alt\u0131 Futbol Tak\u0131mlar\u0131m\u0131z, lig ma\u00e7lar\u0131na \u00e7\u0131kt\u0131. U16 Tak\u0131m\u0131m\u0131z, Kocaelispor\u2019u 2-0\u2019la ge\u00e7erken; Rams Ba\u015fak\u015fehir ile kar\u015f\u0131la\u015fan U19 Tak\u0131m\u0131m\u0131z ile Kocaelispor\u2019a konuk olan U17 Tak\u0131m\u0131m\u0131z sahadan gols\u00fcz e\u015fitlikle ayr\u0131ld\u0131. Detaylar \u015fu \u015fekilde:<br>\u00a0<br><strong>Kocaelispor 0-2 Fenerbah\u00e7e (U16)<\/strong><br>\u00a0<br>Fenerbah\u00e7e U16 Tak\u0131m\u0131m\u0131z, U16 Geli\u015fim Ligi 13. hafta kar\u015f\u0131la\u015fmas\u0131nda Kocaelispor\u2019a konuk oldu. Vinsan Kocaeli Tesisleri\u2019nde oynanan kar\u015f\u0131la\u015fmay\u0131 tak\u0131m\u0131m\u0131z 2-0 kazand\u0131.<br>\u00a0<br>Ekibimize galibiyeti getiren golleri 38. dakikada Bat\u0131n Efe \u00dcrey ile 60. dakikada Toprak K\u00f6k kaydetti.<br>\u00a0<br>Bu galibiyetle puan\u0131n\u0131 23\u2019e y\u00fckselten Tak\u0131m\u0131m\u0131z 14. hafta Sakaryaspor\u2019u a\u011f\u0131rlayacak.<br>\u00a0<br><strong>Kocaelispor 0-0 Fenerbah\u00e7e (U17)<\/strong><br>\u00a0<br>Fenerbah\u00e7e U17 Tak\u0131m\u0131m\u0131z, U17 Geli\u015fim Ligi 13. hafta kar\u015f\u0131la\u015fmas\u0131nda Kocaelispor\u2019a konuk oldu. Vinsan Kocaeli Tesisleri\u2019nde oynanan ma\u00e7 0-0 tamamland\u0131. Tak\u0131m\u0131m\u0131z 14. hafta Sakaryaspor\u2019u konuk edecek.<br>\u00a0<br><strong>Rams Ba\u015fak\u015fehir FK 0-0 Fenerbah\u00e7e (U19)<\/strong><br>\u00a0<br>Fenerbah\u00e7e U19 Tak\u0131m\u0131m\u0131z, U19 PAF Ligi\u2019nin 15. haftas\u0131nda Rams Ba\u015fak\u015fehir FK\u2019ya konuk oldu. Ba\u015fak\u015fehir Tesisleri\u2019nde oynanan m\u00fccadele gols\u00fcz e\u015fitlikle sonu\u00e7land\u0131.<br>\u00a0<br>U19 Tak\u0131m\u0131m\u0131z 16. hafta T\u00fcmosan Konyaspor\u2019u a\u011f\u0131rlayacak.<\/p>\n","protected":false},"excerpt":{"rendered":"<p>Fenerbah\u00e7e 16, 17 ve 19 Ya\u015f Alt\u0131 Futbol Tak\u0131mlar\u0131m\u0131z, lig ma\u00e7lar\u0131na \u00e7\u0131kt\u0131. U16 Tak\u0131m\u0131m\u0131z, Kocaelispor\u2019u 2-0\u2019la ge\u00e7erken; Rams Ba\u015fak\u015fehir ile kar\u015f\u0131la\u015fan U19 Tak\u0131m\u0131m\u0131z ile Kocaelispor\u2019a konuk olan U17 Tak\u0131m\u0131m\u0131z sahadan gols\u00fcz e\u015fitlikle ayr\u0131ld\u0131. Detaylar \u015fu \u015fekilde:\u00a0Kocaelispor 0-2 Fenerbah\u00e7e (U16)\u00a0Fenerbah\u00e7e U16 Tak\u0131m\u0131m\u0131z, U16 Geli\u015fim Ligi 13. hafta kar\u015f\u0131la\u015fmas\u0131nda Kocaelispor\u2019a konuk oldu. Vinsan Kocaeli Tesisleri\u2019nde oynanan kar\u015f\u0131la\u015fmay\u0131 [&hellip;]<\/p>\n","protected":false},"author":1,"featured_media":1278,"comment_status":"closed","ping_status":"closed","sticky":false,"template":"","format":"standard","meta":{"jnews-multi-image_gallery":[],"jnews_single_post":{"format":"standard","override":[{"template":"1","parallax":"1","fullscreen":"1","layout":"right-sidebar","sidebar":"mysidebar","second_sidebar":"default-sidebar","sticky_sidebar":"1","share_position":"float","share_float_style":"share-normal","show_share_counter":"1","show_view_counter":"1","show_featured":"1","show_post_meta":"1","show_post_author_image":"1","show_post_date":"1","post_date_format":"default","post_date_format_custom":"Y\/m\/d","show_post_reading_time":"0","post_reading_time_wpm":"300","post_calculate_word_method":"str_word_count","show_zoom_button":"0","zoom_button_out_step":"2","zoom_button_in_step":"3","show_prev_next_post":"1","number_popup_post":"3","show_author_box":"0","show_post_related":"0","show_inline_post_related":"0"}],"image_override":[{"single_post_thumbnail_size":"crop-500","single_post_gallery_size":"crop-500"}],"trending_post_position":"meta","trending_post_label":"Trending","sponsored_post_label":"Sponsored by","disable_ad":"0"},"jnews_primary_category":{"id":"4"},"jnews_social_meta":[],"jnews_override_counter":{"view_counter_number":"0","share_counter_number":"0","like_counter_number":"0","dislike_counter_number":"0"},"footnotes":""},"categories":[4,17,2],"tags":[23,54],"class_list":["post-29293","post","type-post","status-publish","format-standard","has-post-thumbnail","hentry","category-futbol","category-futbol-altyapi","category-haberler","tag-fenerbahce","tag-futbol"],"amp_enabled":true,"_links":{"self":[{"href":"https:\/\/www.fener.org\/index.php\/wp-json\/wp\/v2\/posts\/29293","targetHints":{"allow":["GET"]}}],"collection":[{"href":"https:\/\/www.fener.org\/index.php\/wp-json\/wp\/v2\/posts"}],"about":[{"href":"https:\/\/www.fener.org\/index.php\/wp-json\/wp\/v2\/types\/post"}],"author":[{"embeddable":true,"href":"https:\/\/www.fener.org\/index.php\/wp-json\/wp\/v2\/users\/1"}],"replies":[{"embeddable":true,"href":"https:\/\/www.fener.org\/index.php\/wp-json\/wp\/v2\/comments?post=29293"}],"version-history":[{"count":1,"href":"https:\/\/www.fener.org\/index.php\/wp-json\/wp\/v2\/posts\/29293\/revisions"}],"predecessor-version":[{"id":29294,"href":"https:\/\/www.fener.org\/index.php\/wp-json\/wp\/v2\/posts\/29293\/revisions\/29294"}],"wp:featuredmedia":[{"embeddable":true,"href":"https:\/\/www.fener.org\/index.php\/wp-json\/wp\/v2\/media\/1278"}],"wp:attachment":[{"href":"https:\/\/www.fener.org\/index.php\/wp-json\/wp\/v2\/media?parent=29293"}],"wp:term":[{"taxonomy":"category","embeddable":true,"href":"https:\/\/www.fener.org\/index.php\/wp-json\/wp\/v2\/categories?post=29293"},{"taxonomy":"post_tag","embeddable":true,"href":"https:\/\/www.fener.org\/index.php\/wp-json\/wp\/v2\/tags?post=29293"}],"curies":[{"name":"wp","href":"https:\/\/api.w.org\/{rel}","templated":true}]}}