{"id":29271,"date":"2025-12-03T23:36:00","date_gmt":"2025-12-03T20:36:00","guid":{"rendered":"https:\/\/www.fener.org\/?p=29271"},"modified":"2025-12-06T11:39:33","modified_gmt":"2025-12-06T08:39:33","slug":"milli-yuzucumuz-emre-sakci-avrupa-ikincisi-oldu-2","status":"publish","type":"post","link":"https:\/\/www.fener.org\/index.php\/2025\/12\/03\/milli-yuzucumuz-emre-sakci-avrupa-ikincisi-oldu-2\/","title":{"rendered":"Milli y\u00fcz\u00fcc\u00fcm\u00fcz Emre Sak\u00e7\u0131 Avrupa ikincisi oldu"},"content":{"rendered":"\n<p>Polonya\u2019n\u0131n Lublin \u015fehrinde d\u00fczenlenen Avrupa K\u0131sa Kulvar Y\u00fczme \u015eampiyonas\u0131\u2019nda m\u00fccadele eden Fenerbah\u00e7eli mill\u00ee y\u00fcz\u00fcc\u00fcm\u00fcz Emre Sak\u00e7\u0131, g\u00fcm\u00fc\u015f madalya kazand\u0131.<\/p>\n\n\n\n<p>100 metre kurba\u011falama finalinde suya giren Sak\u00e7\u0131, elde etti\u011fi 56.22\u2019lik dereceyle yar\u0131\u015f\u0131n\u0131 ikinci s\u0131rada tamamlad\u0131 ve g\u00fcm\u00fc\u015f madalyan\u0131n sahibi oldu.<\/p>\n\n\n\n<p>Hollandal\u0131 Caspar Corbeau\u2019nun 55.85 ile ilk s\u0131rada yer ald\u0131\u011f\u0131 yar\u0131\u015f\u0131 Avusturyal\u0131 Luka Mladenovic 56.27 ile \u00fc\u00e7\u00fcnc\u00fc s\u0131rada tamamlad\u0131.<\/p>\n\n\n\n<p>Emre yar\u0131 finalde ise 56.31\u2019lik derecesiyle ikinci olarak finale y\u00fckselmi\u015fti.<\/p>\n","protected":false},"excerpt":{"rendered":"<p>Polonya\u2019n\u0131n Lublin \u015fehrinde d\u00fczenlenen Avrupa K\u0131sa Kulvar Y\u00fczme \u015eampiyonas\u0131\u2019nda m\u00fccadele eden Fenerbah\u00e7eli mill\u00ee y\u00fcz\u00fcc\u00fcm\u00fcz Emre Sak\u00e7\u0131, g\u00fcm\u00fc\u015f madalya kazand\u0131. 100 metre kurba\u011falama finalinde suya giren Sak\u00e7\u0131, elde etti\u011fi 56.22\u2019lik dereceyle yar\u0131\u015f\u0131n\u0131 ikinci s\u0131rada tamamlad\u0131 ve g\u00fcm\u00fc\u015f madalyan\u0131n sahibi oldu. Hollandal\u0131 Caspar Corbeau\u2019nun 55.85 ile ilk s\u0131rada yer ald\u0131\u011f\u0131 yar\u0131\u015f\u0131 Avusturyal\u0131 Luka Mladenovic 56.27 ile \u00fc\u00e7\u00fcnc\u00fc [&hellip;]<\/p>\n","protected":false},"author":1,"featured_media":29272,"comment_status":"closed","ping_status":"closed","sticky":false,"template":"","format":"standard","meta":{"jnews-multi-image_gallery":[],"jnews_single_post":{"format":"standard","override":[{"template":"1","parallax":"1","fullscreen":"1","layout":"right-sidebar","sidebar":"mysidebar","second_sidebar":"default-sidebar","sticky_sidebar":"1","share_position":"float","share_float_style":"share-normal","show_share_counter":"1","show_view_counter":"1","show_featured":"1","show_post_meta":"1","show_post_author_image":"1","show_post_date":"1","post_date_format":"default","post_date_format_custom":"Y\/m\/d","show_post_reading_time":"0","post_reading_time_wpm":"300","post_calculate_word_method":"str_word_count","show_zoom_button":"0","zoom_button_out_step":"2","zoom_button_in_step":"3","show_prev_next_post":"1","number_popup_post":"3","show_author_box":"0","show_post_related":"0","show_inline_post_related":"0"}],"image_override":[{"single_post_thumbnail_size":"crop-500","single_post_gallery_size":"crop-500"}],"trending_post_position":"meta","trending_post_label":"Trending","sponsored_post_label":"Sponsored by","disable_ad":"0"},"jnews_primary_category":{"id":"14"},"jnews_social_meta":[],"jnews_override_counter":{"view_counter_number":"0","share_counter_number":"0","like_counter_number":"0","dislike_counter_number":"0"},"footnotes":""},"categories":[2,14],"tags":[23,33],"class_list":["post-29271","post","type-post","status-publish","format-standard","has-post-thumbnail","hentry","category-haberler","category-yuzme","tag-fenerbahce","tag-yuzme"],"amp_enabled":true,"_links":{"self":[{"href":"https:\/\/www.fener.org\/index.php\/wp-json\/wp\/v2\/posts\/29271","targetHints":{"allow":["GET"]}}],"collection":[{"href":"https:\/\/www.fener.org\/index.php\/wp-json\/wp\/v2\/posts"}],"about":[{"href":"https:\/\/www.fener.org\/index.php\/wp-json\/wp\/v2\/types\/post"}],"author":[{"embeddable":true,"href":"https:\/\/www.fener.org\/index.php\/wp-json\/wp\/v2\/users\/1"}],"replies":[{"embeddable":true,"href":"https:\/\/www.fener.org\/index.php\/wp-json\/wp\/v2\/comments?post=29271"}],"version-history":[{"count":1,"href":"https:\/\/www.fener.org\/index.php\/wp-json\/wp\/v2\/posts\/29271\/revisions"}],"predecessor-version":[{"id":29273,"href":"https:\/\/www.fener.org\/index.php\/wp-json\/wp\/v2\/posts\/29271\/revisions\/29273"}],"wp:featuredmedia":[{"embeddable":true,"href":"https:\/\/www.fener.org\/index.php\/wp-json\/wp\/v2\/media\/29272"}],"wp:attachment":[{"href":"https:\/\/www.fener.org\/index.php\/wp-json\/wp\/v2\/media?parent=29271"}],"wp:term":[{"taxonomy":"category","embeddable":true,"href":"https:\/\/www.fener.org\/index.php\/wp-json\/wp\/v2\/categories?post=29271"},{"taxonomy":"post_tag","embeddable":true,"href":"https:\/\/www.fener.org\/index.php\/wp-json\/wp\/v2\/tags?post=29271"}],"curies":[{"name":"wp","href":"https:\/\/api.w.org\/{rel}","templated":true}]}}