{"id":29192,"date":"2025-11-25T21:27:05","date_gmt":"2025-11-25T18:27:05","guid":{"rendered":"https:\/\/www.fener.org\/?p=29192"},"modified":"2025-11-25T21:27:09","modified_gmt":"2025-11-25T18:27:09","slug":"fenerbahce-medicana-cev-kadinlar-sampiyonlar-ligine-galibiyetle-basladi","status":"publish","type":"post","link":"https:\/\/www.fener.org\/index.php\/2025\/11\/25\/fenerbahce-medicana-cev-kadinlar-sampiyonlar-ligine-galibiyetle-basladi\/","title":{"rendered":"Fenerbah\u00e7e Medicana, CEV Kad\u0131nlar \u015eampiyonlar Ligi\u2019ne galibiyetle ba\u015flad\u0131"},"content":{"rendered":"\n<p>Fenerbah\u00e7e Medicana Kad\u0131n Voleybol Tak\u0131m\u0131m\u0131z, CEV Kad\u0131nlar \u015eampiyonlar Ligi B Grubu ilk hafta ma\u00e7\u0131nda Benfica\u2019y\u0131 a\u011f\u0131rlad\u0131.<\/p>\n\n\n\n<p>Burhan Felek Vestel Voleybol Salonu&#8217;nda oynanan ma\u00e7\u0131 ekibimiz 3-0 kazand\u0131. M\u00fccadelenin setleri 25-18, 25-19 ve 25-12 sonu\u00e7land\u0131.<\/p>\n\n\n\n<p>Tak\u0131m\u0131m\u0131z kar\u015f\u0131la\u015fmaya, \u2018Kad\u0131na \u015fiddete dur de!\u2019 yaz\u0131l\u0131 pankartla \u00e7\u0131kt\u0131. Ma\u00e7\u0131, Ba\u015fkan\u0131m\u0131z Sadettin Saran ve Genel Sekreterimiz Orhan Demirel de izleyerek tak\u0131m\u0131m\u0131za destek verdi.<\/p>\n\n\n\n<p>Ma\u00e7tan \u00f6nce eski oyuncumuz Cansu \u00c7etin\u2019e, Fenerbah\u00e7e Medicana Kad\u0131n Voleybol Tak\u0131m\u0131m\u0131z\u0131n \u0130dari \u0130\u015fler ve Planlama Y\u00f6neticisi G\u00f6ksel Uysal taraf\u0131ndan \u00e7i\u00e7ek takdim edildi.<\/p>\n\n\n\n<p>Agnieszka Korneluk, Hande Balad\u0131n, Yaasmeen Bedart, Asl\u0131 Kala\u00e7, Arina Fedorovtseva, Arelya Karasoy ve libero Gizem \u00d6rge ile ma\u00e7a ba\u015flayan Fenerbah\u00e7e Medicana, iyi ba\u015flad\u0131\u011f\u0131 ve \u00fcst \u00fcste say\u0131lar buldu\u011fu ilk seti 25-18 kazanarak 1-0 \u00f6ne ge\u00e7ti.<\/p>\n\n\n\n<p>\u0130kinci sete de Arina\u2019n\u0131n etkili servisleriyle ba\u015flayan Fenerbah\u00e7emiz, 16-12 \u00fcst\u00fcnl\u00fc\u011f\u00fcn\u00fc s\u00fcrd\u00fcrd\u00fc. Kalan b\u00f6l\u00fcmlerde de rakibine \u015fans tan\u0131mayan Sar\u0131 Melekler, seti 25-19 kazanarak skoru 2-0\u2019a getirdi.<\/p>\n\n\n\n<p>\u00dc\u00e7\u00fcnc\u00fc sette de ba\u015ftan sonra \u00fcst\u00fcn bir oyun sergileyen Fenerbah\u00e7e Medicana, seti 25-12, ma\u00e7\u0131 da 3-0 kazanarak CEV Kad\u0131nlar \u015eampiyonlar Ligi B Grubu\u2019na galibiyetle ba\u015flad\u0131. 21 say\u0131, 1 blok ve 6 servis say\u0131s\u0131yla oynayan Arina Fedorovtseva, ma\u00e7\u0131n MVP\u2019si se\u00e7ildi.<\/p>\n\n\n\n<p>Fenerbah\u00e7e Medicana, 29 Kas\u0131m Cumartesi g\u00fcn\u00fc ise Kuzeyboru\u2019yu a\u011f\u0131rlayacak. Burhan Felek Vestel Voleybol Salonu\u2019nda oynanacak kar\u015f\u0131la\u015fma 19.00\u2019da ba\u015flayacak ve TRT Spor Y\u0131ld\u0131z\u2019dan canl\u0131 yay\u0131nlanacak.<\/p>\n","protected":false},"excerpt":{"rendered":"<p>Fenerbah\u00e7e Medicana Kad\u0131n Voleybol Tak\u0131m\u0131m\u0131z, CEV Kad\u0131nlar \u015eampiyonlar Ligi B Grubu ilk hafta ma\u00e7\u0131nda Benfica\u2019y\u0131 a\u011f\u0131rlad\u0131. Burhan Felek Vestel Voleybol Salonu&#8217;nda oynanan ma\u00e7\u0131 ekibimiz 3-0 kazand\u0131. M\u00fccadelenin setleri 25-18, 25-19 ve 25-12 sonu\u00e7land\u0131. Tak\u0131m\u0131m\u0131z kar\u015f\u0131la\u015fmaya, \u2018Kad\u0131na \u015fiddete dur de!\u2019 yaz\u0131l\u0131 pankartla \u00e7\u0131kt\u0131. Ma\u00e7\u0131, Ba\u015fkan\u0131m\u0131z Sadettin Saran ve Genel Sekreterimiz Orhan Demirel de izleyerek tak\u0131m\u0131m\u0131za destek [&hellip;]<\/p>\n","protected":false},"author":1,"featured_media":29193,"comment_status":"closed","ping_status":"closed","sticky":false,"template":"","format":"standard","meta":{"jnews-multi-image_gallery":[],"jnews_single_post":{"format":"standard","override":[{"template":"1","parallax":"1","fullscreen":"1","layout":"right-sidebar","sidebar":"mysidebar","second_sidebar":"default-sidebar","sticky_sidebar":"1","share_position":"float","share_float_style":"share-normal","show_share_counter":"1","show_view_counter":"1","show_featured":"1","show_post_meta":"1","show_post_author_image":"1","show_post_date":"1","post_date_format":"default","post_date_format_custom":"Y\/m\/d","show_post_reading_time":"0","post_reading_time_wpm":"300","post_calculate_word_method":"str_word_count","show_zoom_button":"0","zoom_button_out_step":"2","zoom_button_in_step":"3","show_prev_next_post":"1","number_popup_post":"3","show_author_box":"0","show_post_related":"0","show_inline_post_related":"0"}],"image_override":[{"single_post_thumbnail_size":"crop-500","single_post_gallery_size":"crop-500"}],"trending_post_position":"meta","trending_post_label":"Trending","sponsored_post_label":"Sponsored by","disable_ad":"0","source_name":"","subtitle":"Fenerbah\u00e7e Kad\u0131n Voleybol Tak\u0131m\u0131m\u0131z, CEV Kad\u0131nlar \u015eampiyonlar Ligi B Grubu ilk haftas\u0131nda Benfica\u2019y\u0131 konuk etti\u011fi m\u00fccadeleden 3-0 galip ayr\u0131ld\u0131."},"jnews_primary_category":{"id":"8"},"jnews_social_meta":[],"jnews_override_counter":{"view_counter_number":"0","share_counter_number":"0","like_counter_number":"0","dislike_counter_number":"0"},"footnotes":""},"categories":[2,10,8],"tags":[23,29],"class_list":["post-29192","post","type-post","status-publish","format-standard","has-post-thumbnail","hentry","category-haberler","category-kadin-voleybol","category-voleybol","tag-fenerbahce","tag-voleybol"],"amp_enabled":true,"_links":{"self":[{"href":"https:\/\/www.fener.org\/index.php\/wp-json\/wp\/v2\/posts\/29192","targetHints":{"allow":["GET"]}}],"collection":[{"href":"https:\/\/www.fener.org\/index.php\/wp-json\/wp\/v2\/posts"}],"about":[{"href":"https:\/\/www.fener.org\/index.php\/wp-json\/wp\/v2\/types\/post"}],"author":[{"embeddable":true,"href":"https:\/\/www.fener.org\/index.php\/wp-json\/wp\/v2\/users\/1"}],"replies":[{"embeddable":true,"href":"https:\/\/www.fener.org\/index.php\/wp-json\/wp\/v2\/comments?post=29192"}],"version-history":[{"count":1,"href":"https:\/\/www.fener.org\/index.php\/wp-json\/wp\/v2\/posts\/29192\/revisions"}],"predecessor-version":[{"id":29194,"href":"https:\/\/www.fener.org\/index.php\/wp-json\/wp\/v2\/posts\/29192\/revisions\/29194"}],"wp:featuredmedia":[{"embeddable":true,"href":"https:\/\/www.fener.org\/index.php\/wp-json\/wp\/v2\/media\/29193"}],"wp:attachment":[{"href":"https:\/\/www.fener.org\/index.php\/wp-json\/wp\/v2\/media?parent=29192"}],"wp:term":[{"taxonomy":"category","embeddable":true,"href":"https:\/\/www.fener.org\/index.php\/wp-json\/wp\/v2\/categories?post=29192"},{"taxonomy":"post_tag","embeddable":true,"href":"https:\/\/www.fener.org\/index.php\/wp-json\/wp\/v2\/tags?post=29192"}],"curies":[{"name":"wp","href":"https:\/\/api.w.org\/{rel}","templated":true}]}}