{"id":29168,"date":"2025-11-23T18:53:03","date_gmt":"2025-11-23T15:53:03","guid":{"rendered":"https:\/\/www.fener.org\/?p=29168"},"modified":"2025-11-23T18:53:12","modified_gmt":"2025-11-23T15:53:12","slug":"futbol-akademi-takimlarimizin-mac-sonuclari-4","status":"publish","type":"post","link":"https:\/\/www.fener.org\/index.php\/2025\/11\/23\/futbol-akademi-takimlarimizin-mac-sonuclari-4\/","title":{"rendered":"Futbol Akademi Tak\u0131mlar\u0131m\u0131z\u0131n ma\u00e7 sonu\u00e7lar\u0131"},"content":{"rendered":"\n<p>Fenerbah\u00e7e U14, U15 ve U19 Tak\u0131mlar\u0131m\u0131z, bug\u00fcn lig ma\u00e7lar\u0131na \u00e7\u0131kt\u0131.<br><br><strong>Fenerbah\u00e7e 3-1 A.G. Pendikspor (U14)<\/strong><br><br>Fenerbah\u00e7e U14 Tak\u0131m\u0131m\u0131z, U14 Geli\u015fim Ligi 12. hafta kar\u015f\u0131la\u015fmas\u0131nda A.G. Pendikspor\u2019u a\u011f\u0131rlad\u0131. Fenerbah\u00e7e Derea\u011fz\u0131 Lefter K\u00fc\u00e7\u00fckandonyadis Tesisleri\u2019nde oynanan kar\u015f\u0131la\u015fmay\u0131 tak\u0131m\u0131m\u0131z 3-1 kazand\u0131.<br><br>Ekibimize galibiyeti getiren golleri 23. dakikada Egemen \u00c7elik, 56. dakikada Ali Alpgiray Y\u0131ld\u0131z ile 77. dakikada Deniz G\u00fcnd\u00fcz kaydetti.<br><br>Tak\u0131m\u0131m\u0131z gelecek hafta Sakaryaspor\u2019a konuk olacak.<br><br><strong>Fenerbah\u00e7e 2-2 A.G. Pendikspor (U15)<\/strong><br><br>Fenerbah\u00e7e U15 Tak\u0131m\u0131m\u0131z, U15 Geli\u015fim Ligi 12. hafta kar\u015f\u0131la\u015fmas\u0131nda A.G. Pendikspor\u2019u a\u011f\u0131rlad\u0131. Fenerbah\u00e7e Derea\u011fz\u0131 Lefter K\u00fc\u00e7\u00fckandonyadis Tesisleri\u2019nde oynanan kar\u015f\u0131la\u015fma 2-2 e\u015fitlikle sona erdi.<br><br>Ekibimizin gollerini 24. dakikada Sefa \u00c7etinkaya ve 42. dakikada Enes Aker kaydetti.<br><br>Tak\u0131m\u0131m\u0131z gelecek hafta Sakaryaspor\u2019a konuk olacak.<br><br><strong>\u00c7aykur Rizespor 3-2 Fenerbah\u00e7e (U19)<\/strong><br><br>Fenerbah\u00e7e U19 Tak\u0131m\u0131m\u0131z, U19 PAF Ligi\u2019nin 13. haftas\u0131nda \u00c7aykur Rizespor\u2019a konuk oldu. Mehmet Cengiz Tesisleri\u2019nde oynanan m\u00fccadeleden ekibimiz 3-2 ma\u011flup ayr\u0131ld\u0131.<br><br>Ekibimizin golleri 14. dakikada Onur Ku\u015f\u00e7u ve 43. dakikada \u00d6mer Yi\u011fit Tiryakigil\u2019den geldi.<br><br>Sar\u0131 lacivertliler gelecek hafta Galatasaray\u2019\u0131 a\u011f\u0131rlayacak.<\/p>\n","protected":false},"excerpt":{"rendered":"<p>Fenerbah\u00e7e U14, U15 ve U19 Tak\u0131mlar\u0131m\u0131z, bug\u00fcn lig ma\u00e7lar\u0131na \u00e7\u0131kt\u0131. Fenerbah\u00e7e 3-1 A.G. Pendikspor (U14) Fenerbah\u00e7e U14 Tak\u0131m\u0131m\u0131z, U14 Geli\u015fim Ligi 12. hafta kar\u015f\u0131la\u015fmas\u0131nda A.G. Pendikspor\u2019u a\u011f\u0131rlad\u0131. Fenerbah\u00e7e Derea\u011fz\u0131 Lefter K\u00fc\u00e7\u00fckandonyadis Tesisleri\u2019nde oynanan kar\u015f\u0131la\u015fmay\u0131 tak\u0131m\u0131m\u0131z 3-1 kazand\u0131. Ekibimize galibiyeti getiren golleri 23. dakikada Egemen \u00c7elik, 56. dakikada Ali Alpgiray Y\u0131ld\u0131z ile 77. dakikada Deniz G\u00fcnd\u00fcz [&hellip;]<\/p>\n","protected":false},"author":1,"featured_media":1278,"comment_status":"closed","ping_status":"closed","sticky":false,"template":"","format":"standard","meta":{"jnews-multi-image_gallery":[],"jnews_single_post":{"format":"standard","override":[{"template":"1","parallax":"1","fullscreen":"1","layout":"right-sidebar","sidebar":"mysidebar","second_sidebar":"default-sidebar","sticky_sidebar":"1","share_position":"float","share_float_style":"share-normal","show_share_counter":"1","show_view_counter":"1","show_featured":"1","show_post_meta":"1","show_post_author_image":"1","show_post_date":"1","post_date_format":"default","post_date_format_custom":"Y\/m\/d","show_post_reading_time":"0","post_reading_time_wpm":"300","post_calculate_word_method":"str_word_count","show_zoom_button":"0","zoom_button_out_step":"2","zoom_button_in_step":"3","show_prev_next_post":"1","number_popup_post":"3","show_author_box":"0","show_post_related":"0","show_inline_post_related":"0"}],"image_override":[{"single_post_thumbnail_size":"crop-500","single_post_gallery_size":"crop-500"}],"trending_post_position":"meta","trending_post_label":"Trending","sponsored_post_label":"Sponsored by","disable_ad":"0"},"jnews_primary_category":{"id":"4"},"jnews_social_meta":[],"jnews_override_counter":{"view_counter_number":"0","share_counter_number":"0","like_counter_number":"0","dislike_counter_number":"0"},"footnotes":""},"categories":[4,17,2],"tags":[23,54],"class_list":["post-29168","post","type-post","status-publish","format-standard","has-post-thumbnail","hentry","category-futbol","category-futbol-altyapi","category-haberler","tag-fenerbahce","tag-futbol"],"amp_enabled":true,"_links":{"self":[{"href":"https:\/\/www.fener.org\/index.php\/wp-json\/wp\/v2\/posts\/29168","targetHints":{"allow":["GET"]}}],"collection":[{"href":"https:\/\/www.fener.org\/index.php\/wp-json\/wp\/v2\/posts"}],"about":[{"href":"https:\/\/www.fener.org\/index.php\/wp-json\/wp\/v2\/types\/post"}],"author":[{"embeddable":true,"href":"https:\/\/www.fener.org\/index.php\/wp-json\/wp\/v2\/users\/1"}],"replies":[{"embeddable":true,"href":"https:\/\/www.fener.org\/index.php\/wp-json\/wp\/v2\/comments?post=29168"}],"version-history":[{"count":1,"href":"https:\/\/www.fener.org\/index.php\/wp-json\/wp\/v2\/posts\/29168\/revisions"}],"predecessor-version":[{"id":29169,"href":"https:\/\/www.fener.org\/index.php\/wp-json\/wp\/v2\/posts\/29168\/revisions\/29169"}],"wp:featuredmedia":[{"embeddable":true,"href":"https:\/\/www.fener.org\/index.php\/wp-json\/wp\/v2\/media\/1278"}],"wp:attachment":[{"href":"https:\/\/www.fener.org\/index.php\/wp-json\/wp\/v2\/media?parent=29168"}],"wp:term":[{"taxonomy":"category","embeddable":true,"href":"https:\/\/www.fener.org\/index.php\/wp-json\/wp\/v2\/categories?post=29168"},{"taxonomy":"post_tag","embeddable":true,"href":"https:\/\/www.fener.org\/index.php\/wp-json\/wp\/v2\/tags?post=29168"}],"curies":[{"name":"wp","href":"https:\/\/api.w.org\/{rel}","templated":true}]}}