{"id":29157,"date":"2025-11-22T22:01:00","date_gmt":"2025-11-22T19:01:00","guid":{"rendered":"https:\/\/www.fener.org\/?p=29157"},"modified":"2025-11-22T22:01:03","modified_gmt":"2025-11-22T19:01:03","slug":"fenerbahce-arsavev-cekmekoy-bilgidogaya-konuk-oluyor","status":"publish","type":"post","link":"https:\/\/www.fener.org\/index.php\/2025\/11\/22\/fenerbahce-arsavev-cekmekoy-bilgidogaya-konuk-oluyor\/","title":{"rendered":"Fenerbah\u00e7e arsaVev, \u00c7ekmek\u00f6y Bilgido\u011fa\u2019ya konuk oluyor"},"content":{"rendered":"\n<p>Fenerbah\u00e7e arsaVev Kad\u0131n Futbol Tak\u0131m\u0131m\u0131z, Turkcell Kad\u0131n Futbol S\u00fcper Ligi 10. hafta ma\u00e7\u0131nda \u00c7ekmek\u00f6y Bilgido\u011fa ile deplasmanda kar\u015f\u0131la\u015f\u0131yor.<\/p>\n\n\n\n<p>23 Kas\u0131m Pazar g\u00fcn\u00fc \u015eile \u0130l\u00e7e Stadyumu\u2019nda oynanacak m\u00fccadele saat 14.30&#8217;da ba\u015flayacak ve S\u0131f\u0131r TV\u2019den canl\u0131 yay\u0131nlanacak.<\/p>\n\n\n\n<p>9&#8217;de 9 yapan Fenerbah\u00e7e arsaVev, ligde averajla 2. s\u0131rada yer al\u0131yor.<\/p>\n\n\n\n<p>Rakip a\u011flar\u0131 36 kez havaland\u0131ran tak\u0131m\u0131m\u0131z, kalesinde 2 gol g\u00f6rd\u00fc.<\/p>\n\n\n\n<p>10 puana sahip \u00c7ekmek\u00f6y Bilgido\u011fa, 9 hafta sonunda 11. basamakta yer ald\u0131.<\/p>\n","protected":false},"excerpt":{"rendered":"<p>Fenerbah\u00e7e arsaVev Kad\u0131n Futbol Tak\u0131m\u0131m\u0131z, Turkcell Kad\u0131n Futbol S\u00fcper Ligi 10. hafta ma\u00e7\u0131nda \u00c7ekmek\u00f6y Bilgido\u011fa ile deplasmanda kar\u015f\u0131la\u015f\u0131yor. 23 Kas\u0131m Pazar g\u00fcn\u00fc \u015eile \u0130l\u00e7e Stadyumu\u2019nda oynanacak m\u00fccadele saat 14.30&#8217;da ba\u015flayacak ve S\u0131f\u0131r TV\u2019den canl\u0131 yay\u0131nlanacak. 9&#8217;de 9 yapan Fenerbah\u00e7e arsaVev, ligde averajla 2. s\u0131rada yer al\u0131yor. Rakip a\u011flar\u0131 36 kez havaland\u0131ran tak\u0131m\u0131m\u0131z, kalesinde 2 gol [&hellip;]<\/p>\n","protected":false},"author":1,"featured_media":29067,"comment_status":"closed","ping_status":"closed","sticky":false,"template":"","format":"standard","meta":{"jnews-multi-image_gallery":[],"jnews_single_post":{"format":"standard","override":[{"template":"1","parallax":"1","fullscreen":"1","layout":"right-sidebar","sidebar":"mysidebar","second_sidebar":"default-sidebar","sticky_sidebar":"1","share_position":"float","share_float_style":"share-normal","show_share_counter":"1","show_view_counter":"1","show_featured":"1","show_post_meta":"1","show_post_author_image":"1","show_post_date":"1","post_date_format":"default","post_date_format_custom":"Y\/m\/d","show_post_reading_time":"0","post_reading_time_wpm":"300","post_calculate_word_method":"str_word_count","show_zoom_button":"0","zoom_button_out_step":"2","zoom_button_in_step":"3","show_prev_next_post":"1","number_popup_post":"3","show_author_box":"0","show_post_related":"0","show_inline_post_related":"0"}],"image_override":[{"single_post_thumbnail_size":"crop-500","single_post_gallery_size":"crop-500"}],"trending_post_position":"meta","trending_post_label":"Trending","sponsored_post_label":"Sponsored by","disable_ad":"0","subtitle":"Fenerbah\u00e7e Kad\u0131n Futbol Tak\u0131m\u0131m\u0131z, Kad\u0131n Futbol S\u00fcper Ligi 10. haftas\u0131nda \u00c7ekmek\u00f6y Bilgido\u011fa ile deplasmanda m\u00fccadele edecek."},"jnews_primary_category":{"id":"4"},"jnews_social_meta":[],"jnews_override_counter":{"view_counter_number":"0","share_counter_number":"0","like_counter_number":"0","dislike_counter_number":"0"},"footnotes":""},"categories":[4,2,191],"tags":[23,192],"class_list":["post-29157","post","type-post","status-publish","format-standard","has-post-thumbnail","hentry","category-futbol","category-haberler","category-kadin-futbol","tag-fenerbahce","tag-kadinfutbol"],"amp_enabled":true,"_links":{"self":[{"href":"https:\/\/www.fener.org\/index.php\/wp-json\/wp\/v2\/posts\/29157","targetHints":{"allow":["GET"]}}],"collection":[{"href":"https:\/\/www.fener.org\/index.php\/wp-json\/wp\/v2\/posts"}],"about":[{"href":"https:\/\/www.fener.org\/index.php\/wp-json\/wp\/v2\/types\/post"}],"author":[{"embeddable":true,"href":"https:\/\/www.fener.org\/index.php\/wp-json\/wp\/v2\/users\/1"}],"replies":[{"embeddable":true,"href":"https:\/\/www.fener.org\/index.php\/wp-json\/wp\/v2\/comments?post=29157"}],"version-history":[{"count":1,"href":"https:\/\/www.fener.org\/index.php\/wp-json\/wp\/v2\/posts\/29157\/revisions"}],"predecessor-version":[{"id":29158,"href":"https:\/\/www.fener.org\/index.php\/wp-json\/wp\/v2\/posts\/29157\/revisions\/29158"}],"wp:featuredmedia":[{"embeddable":true,"href":"https:\/\/www.fener.org\/index.php\/wp-json\/wp\/v2\/media\/29067"}],"wp:attachment":[{"href":"https:\/\/www.fener.org\/index.php\/wp-json\/wp\/v2\/media?parent=29157"}],"wp:term":[{"taxonomy":"category","embeddable":true,"href":"https:\/\/www.fener.org\/index.php\/wp-json\/wp\/v2\/categories?post=29157"},{"taxonomy":"post_tag","embeddable":true,"href":"https:\/\/www.fener.org\/index.php\/wp-json\/wp\/v2\/tags?post=29157"}],"curies":[{"name":"wp","href":"https:\/\/api.w.org\/{rel}","templated":true}]}}