{"id":29135,"date":"2025-11-20T23:15:29","date_gmt":"2025-11-20T20:15:29","guid":{"rendered":"https:\/\/www.fener.org\/?p=29135"},"modified":"2025-11-20T23:15:33","modified_gmt":"2025-11-20T20:15:33","slug":"fenerbahce-medicana-3-2-galatasaray-daikin","status":"publish","type":"post","link":"https:\/\/www.fener.org\/index.php\/2025\/11\/20\/fenerbahce-medicana-3-2-galatasaray-daikin\/","title":{"rendered":"Fenerbah\u00e7e Medicana 3-2 Galatasaray Daikin"},"content":{"rendered":"\n<p>Fenerbah\u00e7e Medicana Kad\u0131n Voleybol Tak\u0131m\u0131m\u0131z, Vodafone Sultanlar Ligi 6. hafta ma\u00e7\u0131nda konuk etti\u011fi Galatasaray Daikin\u2019i 3-2 yendi ve 6\u2019da 6 yapt\u0131. Burhan Felek Vestel Voleybol Salonu&#8217;nda oynanan ma\u00e7\u0131n setleri 27-25, 22-25, 25-23, 25-27 ve 15-11 sonu\u00e7land\u0131.&nbsp;Arina 37 say\u0131yla ma\u00e7\u0131n skoreri olurken, Vargas 32, Eda da 11 say\u0131yla \u00e7ift haneli rakamlara ula\u015ft\u0131.<\/p>\n\n\n\n<p>Yakla\u015f\u0131k 3 saat s\u00fcren m\u00fccadeleye Sar\u0131 Melekler Melissa Vargas, Asl\u0131 Kala\u00e7, Arina Fedorovtseva, Hande Balad\u0131n, Eda Erdem, Alessia Orro ve libero Gizem \u00d6rge ile ba\u015flad\u0131.<\/p>\n\n\n\n<p>Genel Sekreterimiz Orhan Demirel, 6. \u0130slami Dayan\u0131\u015fma Oyunlar\u0131\u2019nda A Mill\u00ee Kad\u0131n Voleybol Tak\u0131m\u0131m\u0131zla alt\u0131n madalya kazanan oyuncumuz Liza Safronova\u2019ya ma\u00e7 \u00f6ncesinde \u00e7i\u00e7ek takdim etti.<\/p>\n\n\n\n<p>Kar\u015f\u0131l\u0131kl\u0131 say\u0131larla ba\u015flayan ma\u00e7\u0131n ilk seti \u00e7eki\u015fmeli ge\u00e7ti. Sette bir ara 5 say\u0131 geriye d\u00fc\u015fen tak\u0131m\u0131m\u0131z 18-18\u2019de e\u015fitli\u011fi yakalad\u0131. Galatasaray 24-24\u2019te skoru tekrar e\u015fitlese de seti 27-25 alan ekibimiz m\u00fccadelede 1-0 \u00f6ne ge\u00e7ti.<\/p>\n\n\n\n<p>\u0130kinci set konuk tak\u0131m\u0131n 22-25\u2019lik \u00fcst\u00fcnl\u00fc\u011f\u00fc ile ge\u00e7ildi ve ma\u00e7ta durum 1-1\u2019e geldi.<\/p>\n\n\n\n<p>Kar\u015f\u0131l\u0131kl\u0131 say\u0131larla ba\u015flayan \u00fc\u00e7\u00fcnc\u00fc setin ortalar\u0131nda Kaptan Eda\u2019n\u0131n servis turunda skoru 18-14\u2019e ta\u015f\u0131yan Sar\u0131 Melekler, Arina\u2019n\u0131n 8 say\u0131 \u00fcretti\u011fi bu seti 25-23 \u00f6nde ge\u00e7ti.<\/p>\n\n\n\n<p>D\u00f6rd\u00fcnc\u00fc sette iki tak\u0131m da farkl\u0131 b\u00f6l\u00fcmlerde \u00fcst\u00fcnl\u00fck sa\u011flad\u0131. Uzayan set konuk ekibin 25-27\u2019lik \u00fcst\u00fcnl\u00fc\u011f\u00fcyle sonu\u00e7land\u0131 ve ma\u00e7ta durum 2-2\u2019ye geldi.<\/p>\n\n\n\n<p>Karar setinde saha de\u011fi\u015fimine 8-7 \u00f6nde giren Sar\u0131 Melekler, &nbsp;bu b\u00f6l\u00fcmde rakibine geri d\u00f6n\u00fc\u015f \u015fans\u0131 tan\u0131mad\u0131 ve seti 15-11, ma\u00e7\u0131 da 3-2 kazand\u0131. &nbsp;&nbsp;<\/p>\n","protected":false},"excerpt":{"rendered":"<p>Fenerbah\u00e7e Medicana Kad\u0131n Voleybol Tak\u0131m\u0131m\u0131z, Vodafone Sultanlar Ligi 6. hafta ma\u00e7\u0131nda konuk etti\u011fi Galatasaray Daikin\u2019i 3-2 yendi ve 6\u2019da 6 yapt\u0131. Burhan Felek Vestel Voleybol Salonu&#8217;nda oynanan ma\u00e7\u0131n setleri 27-25, 22-25, 25-23, 25-27 ve 15-11 sonu\u00e7land\u0131.&nbsp;Arina 37 say\u0131yla ma\u00e7\u0131n skoreri olurken, Vargas 32, Eda da 11 say\u0131yla \u00e7ift haneli rakamlara ula\u015ft\u0131. Yakla\u015f\u0131k 3 saat s\u00fcren [&hellip;]<\/p>\n","protected":false},"author":1,"featured_media":29136,"comment_status":"closed","ping_status":"closed","sticky":false,"template":"","format":"standard","meta":{"jnews-multi-image_gallery":[],"jnews_single_post":{"format":"standard","override":[{"template":"1","parallax":"1","fullscreen":"1","layout":"right-sidebar","sidebar":"mysidebar","second_sidebar":"default-sidebar","sticky_sidebar":"1","share_position":"float","share_float_style":"share-normal","show_share_counter":"1","show_view_counter":"1","show_featured":"1","show_post_meta":"1","show_post_author_image":"1","show_post_date":"1","post_date_format":"default","post_date_format_custom":"Y\/m\/d","show_post_reading_time":"0","post_reading_time_wpm":"300","post_calculate_word_method":"str_word_count","show_zoom_button":"0","zoom_button_out_step":"2","zoom_button_in_step":"3","show_prev_next_post":"1","number_popup_post":"3","show_author_box":"0","show_post_related":"0","show_inline_post_related":"0"}],"image_override":[{"single_post_thumbnail_size":"crop-500","single_post_gallery_size":"crop-500"}],"trending_post_position":"meta","trending_post_label":"Trending","sponsored_post_label":"Sponsored by","disable_ad":"0","subtitle":"Fenerbah\u00e7e Kad\u0131n Voleybol Tak\u0131m\u0131m\u0131z, Sultanlar Ligi 6. haftas\u0131nda sahas\u0131nda Galatasaray ile oynad\u0131\u011f\u0131 ma\u00e7tan 3-2 galip ayr\u0131ld\u0131."},"jnews_primary_category":{"id":"8"},"jnews_social_meta":[],"jnews_override_counter":{"view_counter_number":"0","share_counter_number":"0","like_counter_number":"0","dislike_counter_number":"0"},"footnotes":""},"categories":[2,10,8],"tags":[23,29],"class_list":["post-29135","post","type-post","status-publish","format-standard","has-post-thumbnail","hentry","category-haberler","category-kadin-voleybol","category-voleybol","tag-fenerbahce","tag-voleybol"],"amp_enabled":true,"_links":{"self":[{"href":"https:\/\/www.fener.org\/index.php\/wp-json\/wp\/v2\/posts\/29135","targetHints":{"allow":["GET"]}}],"collection":[{"href":"https:\/\/www.fener.org\/index.php\/wp-json\/wp\/v2\/posts"}],"about":[{"href":"https:\/\/www.fener.org\/index.php\/wp-json\/wp\/v2\/types\/post"}],"author":[{"embeddable":true,"href":"https:\/\/www.fener.org\/index.php\/wp-json\/wp\/v2\/users\/1"}],"replies":[{"embeddable":true,"href":"https:\/\/www.fener.org\/index.php\/wp-json\/wp\/v2\/comments?post=29135"}],"version-history":[{"count":1,"href":"https:\/\/www.fener.org\/index.php\/wp-json\/wp\/v2\/posts\/29135\/revisions"}],"predecessor-version":[{"id":29137,"href":"https:\/\/www.fener.org\/index.php\/wp-json\/wp\/v2\/posts\/29135\/revisions\/29137"}],"wp:featuredmedia":[{"embeddable":true,"href":"https:\/\/www.fener.org\/index.php\/wp-json\/wp\/v2\/media\/29136"}],"wp:attachment":[{"href":"https:\/\/www.fener.org\/index.php\/wp-json\/wp\/v2\/media?parent=29135"}],"wp:term":[{"taxonomy":"category","embeddable":true,"href":"https:\/\/www.fener.org\/index.php\/wp-json\/wp\/v2\/categories?post=29135"},{"taxonomy":"post_tag","embeddable":true,"href":"https:\/\/www.fener.org\/index.php\/wp-json\/wp\/v2\/tags?post=29135"}],"curies":[{"name":"wp","href":"https:\/\/api.w.org\/{rel}","templated":true}]}}