{"id":29116,"date":"2025-11-16T22:13:08","date_gmt":"2025-11-16T19:13:08","guid":{"rendered":"https:\/\/www.fener.org\/?p=29116"},"modified":"2025-11-16T22:13:12","modified_gmt":"2025-11-16T19:13:12","slug":"eczacibasi-dynavit-1-3-fenerbahce-medicana","status":"publish","type":"post","link":"https:\/\/www.fener.org\/index.php\/2025\/11\/16\/eczacibasi-dynavit-1-3-fenerbahce-medicana\/","title":{"rendered":"Eczac\u0131ba\u015f\u0131 Dynavit 1-3 Fenerbah\u00e7e Medicana"},"content":{"rendered":"\n<p>Fenerbah\u00e7e Medicana Kad\u0131n Voleybol Tak\u0131m\u0131m\u0131z, Vodafone Sultanlar Ligi 5. hafta ma\u00e7\u0131nda Eczac\u0131ba\u015f\u0131 Dynavit\u2019e konuk oldu. &nbsp;Kar\u015f\u0131la\u015fmadan 3-1 galip ayr\u0131lan Sar\u0131 Melekler, 5\u2019te 5 yapt\u0131. M\u00fccadelenin setleri 13-25, 25-21, 15-25, 26-28 sonu\u00e7land\u0131.<\/p>\n\n\n\n<p>Kar\u015f\u0131la\u015fma \u00f6ncesi \u015fehitlerimiz an\u0131s\u0131na bir dakikal\u0131k sayg\u0131 duru\u015funda bulunuldu.<\/p>\n\n\n\n<p>Agnieszka Korneluk, Hande Balad\u0131n, Alessia Orro, Asl\u0131 Kala\u00e7, Arina Fedorovtseva, Melissa Vargas ve libero Gizem \u00d6rge ile ma\u00e7a ba\u015flayan Sar\u0131 Melekler, ba\u015ftan sona \u00fcst\u00fcn oynad\u0131\u011f\u0131 seti Arina Fedorovtseva\u2019n\u0131n skorer oyunuyla 13-25 kazand\u0131.<\/p>\n\n\n\n<p>Kar\u015f\u0131l\u0131kl\u0131 say\u0131larla ge\u00e7en ikinci set ev sahibi tak\u0131m\u0131n 25-21\u2019lik \u00fcst\u00fcnl\u00fc\u011f\u00fcyle tamamland\u0131.<\/p>\n\n\n\n<p>\u00dc\u00e7\u00fcnc\u00fc setin ortas\u0131ndan itibaren oyunun kontrol\u00fcn\u00fc ele alan ve Vargas ile h\u00fccumda etkili olan tak\u0131m\u0131m\u0131z, seti 15-25 kazand\u0131.<\/p>\n\n\n\n<p>D\u00f6rd\u00fcnc\u00fc sette rakibine geri d\u00f6n\u00fc\u015f izni vermeyen ekibimiz, seti 26-28, ma\u00e7\u0131 da 3-1 kazand\u0131.<\/p>\n\n\n\n<p>Fenerbah\u00e7e Medicana, 20 Kas\u0131m Per\u015fembe g\u00fcn\u00fc ise Galatasaray Daikin\u2019i a\u011f\u0131rlayacak. Burhan Felek Vestel Voleybol Salonu\u2019nda oynanacak derbi kar\u015f\u0131la\u015fmas\u0131 19.30\u2019da ba\u015flayacak. &nbsp;<\/p>\n","protected":false},"excerpt":{"rendered":"<p>Fenerbah\u00e7e Medicana Kad\u0131n Voleybol Tak\u0131m\u0131m\u0131z, Vodafone Sultanlar Ligi 5. hafta ma\u00e7\u0131nda Eczac\u0131ba\u015f\u0131 Dynavit\u2019e konuk oldu. &nbsp;Kar\u015f\u0131la\u015fmadan 3-1 galip ayr\u0131lan Sar\u0131 Melekler, 5\u2019te 5 yapt\u0131. M\u00fccadelenin setleri 13-25, 25-21, 15-25, 26-28 sonu\u00e7land\u0131. Kar\u015f\u0131la\u015fma \u00f6ncesi \u015fehitlerimiz an\u0131s\u0131na bir dakikal\u0131k sayg\u0131 duru\u015funda bulunuldu. Agnieszka Korneluk, Hande Balad\u0131n, Alessia Orro, Asl\u0131 Kala\u00e7, Arina Fedorovtseva, Melissa Vargas ve libero Gizem [&hellip;]<\/p>\n","protected":false},"author":1,"featured_media":29117,"comment_status":"closed","ping_status":"closed","sticky":false,"template":"","format":"standard","meta":{"jnews-multi-image_gallery":[],"jnews_single_post":{"format":"standard","override":[{"template":"1","parallax":"1","fullscreen":"1","layout":"right-sidebar","sidebar":"mysidebar","second_sidebar":"default-sidebar","sticky_sidebar":"1","share_position":"float","share_float_style":"share-normal","show_share_counter":"1","show_view_counter":"1","show_featured":"1","show_post_meta":"1","show_post_author_image":"1","show_post_date":"1","post_date_format":"default","post_date_format_custom":"Y\/m\/d","show_post_reading_time":"0","post_reading_time_wpm":"300","post_calculate_word_method":"str_word_count","show_zoom_button":"0","zoom_button_out_step":"2","zoom_button_in_step":"3","show_prev_next_post":"1","number_popup_post":"3","show_author_box":"0","show_post_related":"0","show_inline_post_related":"0"}],"image_override":[{"single_post_thumbnail_size":"crop-500","single_post_gallery_size":"crop-500"}],"trending_post_position":"meta","trending_post_label":"Trending","sponsored_post_label":"Sponsored by","disable_ad":"0","subtitle":"Fenerbah\u00e7e Kad\u0131n Voleybol Tak\u0131m\u0131m\u0131z, Sultanlar Ligi 5. haftas\u0131nda deplasmanda Eczac\u0131ba\u015f\u0131 ile oynad\u0131\u011f\u0131 kar\u015f\u0131la\u015fmay\u0131 3-1 kazand\u0131."},"jnews_primary_category":{"id":"8"},"jnews_social_meta":[],"jnews_override_counter":{"view_counter_number":"0","share_counter_number":"0","like_counter_number":"0","dislike_counter_number":"0"},"footnotes":""},"categories":[2,10,8],"tags":[23,29],"class_list":["post-29116","post","type-post","status-publish","format-standard","has-post-thumbnail","hentry","category-haberler","category-kadin-voleybol","category-voleybol","tag-fenerbahce","tag-voleybol"],"amp_enabled":true,"_links":{"self":[{"href":"https:\/\/www.fener.org\/index.php\/wp-json\/wp\/v2\/posts\/29116","targetHints":{"allow":["GET"]}}],"collection":[{"href":"https:\/\/www.fener.org\/index.php\/wp-json\/wp\/v2\/posts"}],"about":[{"href":"https:\/\/www.fener.org\/index.php\/wp-json\/wp\/v2\/types\/post"}],"author":[{"embeddable":true,"href":"https:\/\/www.fener.org\/index.php\/wp-json\/wp\/v2\/users\/1"}],"replies":[{"embeddable":true,"href":"https:\/\/www.fener.org\/index.php\/wp-json\/wp\/v2\/comments?post=29116"}],"version-history":[{"count":2,"href":"https:\/\/www.fener.org\/index.php\/wp-json\/wp\/v2\/posts\/29116\/revisions"}],"predecessor-version":[{"id":29119,"href":"https:\/\/www.fener.org\/index.php\/wp-json\/wp\/v2\/posts\/29116\/revisions\/29119"}],"wp:featuredmedia":[{"embeddable":true,"href":"https:\/\/www.fener.org\/index.php\/wp-json\/wp\/v2\/media\/29117"}],"wp:attachment":[{"href":"https:\/\/www.fener.org\/index.php\/wp-json\/wp\/v2\/media?parent=29116"}],"wp:term":[{"taxonomy":"category","embeddable":true,"href":"https:\/\/www.fener.org\/index.php\/wp-json\/wp\/v2\/categories?post=29116"},{"taxonomy":"post_tag","embeddable":true,"href":"https:\/\/www.fener.org\/index.php\/wp-json\/wp\/v2\/tags?post=29116"}],"curies":[{"name":"wp","href":"https:\/\/api.w.org\/{rel}","templated":true}]}}