{"id":29113,"date":"2025-11-16T17:06:47","date_gmt":"2025-11-16T14:06:47","guid":{"rendered":"https:\/\/www.fener.org\/?p=29113"},"modified":"2025-11-16T17:06:50","modified_gmt":"2025-11-16T14:06:50","slug":"fenerbahce-arsavev-1-0-yuksekova-sk","status":"publish","type":"post","link":"https:\/\/www.fener.org\/index.php\/2025\/11\/16\/fenerbahce-arsavev-1-0-yuksekova-sk\/","title":{"rendered":"Fenerbah\u00e7e arsaVev 1-0 Y\u00fcksekova SK"},"content":{"rendered":"\n<p>Fenerbah\u00e7e arsaVev Kad\u0131n Futbol Tak\u0131m\u0131m\u0131z, Turkcell Kad\u0131n Futbol S\u00fcper Ligi dokuzuncu hafta ma\u00e7\u0131nda Y\u00fcksekova Spor Kul\u00fcb\u00fc\u2019n\u00fc konuk etti.<\/p>\n\n\n\n<p>Fenerbah\u00e7e Derea\u011fz\u0131 Lefter K\u00fc\u00e7\u00fckandonyadis Tesisleri\u2019nde oynanan kar\u015f\u0131la\u015fmay\u0131 1-0 kazanan Tak\u0131m\u0131m\u0131z 9\u2019da 9 yapt\u0131 ve puan\u0131n\u0131 27\u2019ye y\u00fckseltti.<\/p>\n\n\n\n<p>Fenerbah\u00e7emize galibiyeti getiren gol 90+11. dakikada \u0130pek Kaya\u2019dan geldi.<\/p>\n\n\n\n<p>Fenerbah\u00e7e arsaVev, 10. hafta ma\u00e7\u0131nda 23 Kas\u0131m Pazar g\u00fcn\u00fc saat 14.00\u2019te \u00c7ekmek\u00f6y Bilgido\u011fa ile deplasmanda kar\u015f\u0131la\u015facak.<\/p>\n","protected":false},"excerpt":{"rendered":"<p>Fenerbah\u00e7e arsaVev Kad\u0131n Futbol Tak\u0131m\u0131m\u0131z, Turkcell Kad\u0131n Futbol S\u00fcper Ligi dokuzuncu hafta ma\u00e7\u0131nda Y\u00fcksekova Spor Kul\u00fcb\u00fc\u2019n\u00fc konuk etti. Fenerbah\u00e7e Derea\u011fz\u0131 Lefter K\u00fc\u00e7\u00fckandonyadis Tesisleri\u2019nde oynanan kar\u015f\u0131la\u015fmay\u0131 1-0 kazanan Tak\u0131m\u0131m\u0131z 9\u2019da 9 yapt\u0131 ve puan\u0131n\u0131 27\u2019ye y\u00fckseltti. Fenerbah\u00e7emize galibiyeti getiren gol 90+11. dakikada \u0130pek Kaya\u2019dan geldi. Fenerbah\u00e7e arsaVev, 10. hafta ma\u00e7\u0131nda 23 Kas\u0131m Pazar g\u00fcn\u00fc saat 14.00\u2019te [&hellip;]<\/p>\n","protected":false},"author":1,"featured_media":29114,"comment_status":"closed","ping_status":"closed","sticky":false,"template":"","format":"standard","meta":{"jnews-multi-image_gallery":[],"jnews_single_post":{"format":"standard","override":[{"template":"1","parallax":"1","fullscreen":"1","layout":"right-sidebar","sidebar":"mysidebar","second_sidebar":"default-sidebar","sticky_sidebar":"1","share_position":"float","share_float_style":"share-normal","show_share_counter":"1","show_view_counter":"1","show_featured":"1","show_post_meta":"1","show_post_author_image":"1","show_post_date":"1","post_date_format":"default","post_date_format_custom":"Y\/m\/d","show_post_reading_time":"0","post_reading_time_wpm":"300","post_calculate_word_method":"str_word_count","show_zoom_button":"0","zoom_button_out_step":"2","zoom_button_in_step":"3","show_prev_next_post":"1","number_popup_post":"3","show_author_box":"0","show_post_related":"0","show_inline_post_related":"0"}],"image_override":[{"single_post_thumbnail_size":"crop-500","single_post_gallery_size":"crop-500"}],"trending_post_position":"meta","trending_post_label":"Trending","sponsored_post_label":"Sponsored by","disable_ad":"0","subtitle":"Fenerbah\u00e7e Kad\u0131n Futbol Tak\u0131m\u0131m\u0131z, Kad\u0131n Futbol S\u00fcper Ligi'nde 9. hafta ma\u00e7\u0131nda sahas\u0131nda Y\u00fcksekova Spor Kul\u00fcb\u00fc ile oynad\u0131\u011f\u0131 ma\u00e7\u0131 1-0 kazand\u0131."},"jnews_primary_category":{"id":"4"},"jnews_social_meta":[],"jnews_override_counter":{"view_counter_number":"0","share_counter_number":"0","like_counter_number":"0","dislike_counter_number":"0"},"footnotes":""},"categories":[4,2,191],"tags":[23,192],"class_list":["post-29113","post","type-post","status-publish","format-standard","has-post-thumbnail","hentry","category-futbol","category-haberler","category-kadin-futbol","tag-fenerbahce","tag-kadinfutbol"],"amp_enabled":true,"_links":{"self":[{"href":"https:\/\/www.fener.org\/index.php\/wp-json\/wp\/v2\/posts\/29113","targetHints":{"allow":["GET"]}}],"collection":[{"href":"https:\/\/www.fener.org\/index.php\/wp-json\/wp\/v2\/posts"}],"about":[{"href":"https:\/\/www.fener.org\/index.php\/wp-json\/wp\/v2\/types\/post"}],"author":[{"embeddable":true,"href":"https:\/\/www.fener.org\/index.php\/wp-json\/wp\/v2\/users\/1"}],"replies":[{"embeddable":true,"href":"https:\/\/www.fener.org\/index.php\/wp-json\/wp\/v2\/comments?post=29113"}],"version-history":[{"count":1,"href":"https:\/\/www.fener.org\/index.php\/wp-json\/wp\/v2\/posts\/29113\/revisions"}],"predecessor-version":[{"id":29115,"href":"https:\/\/www.fener.org\/index.php\/wp-json\/wp\/v2\/posts\/29113\/revisions\/29115"}],"wp:featuredmedia":[{"embeddable":true,"href":"https:\/\/www.fener.org\/index.php\/wp-json\/wp\/v2\/media\/29114"}],"wp:attachment":[{"href":"https:\/\/www.fener.org\/index.php\/wp-json\/wp\/v2\/media?parent=29113"}],"wp:term":[{"taxonomy":"category","embeddable":true,"href":"https:\/\/www.fener.org\/index.php\/wp-json\/wp\/v2\/categories?post=29113"},{"taxonomy":"post_tag","embeddable":true,"href":"https:\/\/www.fener.org\/index.php\/wp-json\/wp\/v2\/tags?post=29113"}],"curies":[{"name":"wp","href":"https:\/\/api.w.org\/{rel}","templated":true}]}}