{"id":29102,"date":"2025-11-16T09:00:00","date_gmt":"2025-11-16T06:00:00","guid":{"rendered":"https:\/\/www.fener.org\/?p=29102"},"modified":"2025-11-16T14:01:38","modified_gmt":"2025-11-16T11:01:38","slug":"fenerbahce-arsavev-yuksekova-spor-kulubunu-agirliyor","status":"publish","type":"post","link":"https:\/\/www.fener.org\/index.php\/2025\/11\/16\/fenerbahce-arsavev-yuksekova-spor-kulubunu-agirliyor\/","title":{"rendered":"Fenerbah\u00e7e arsaVev, Y\u00fcksekova Spor Kul\u00fcb\u00fc\u2019n\u00fc a\u011f\u0131rl\u0131yor"},"content":{"rendered":"\n<p>Fenerbah\u00e7e arsaVev Kad\u0131n Futbol Tak\u0131m\u0131m\u0131z, Turkcell Kad\u0131n Futbol S\u00fcper Ligi 9. hafta ma\u00e7\u0131nda Y\u00fcksekova Spor Kul\u00fcb\u00fc\u2019n\u00fc konuk ediyor.<\/p>\n\n\n\n<p>16 Kas\u0131m Pazar g\u00fcn\u00fc Fenerbah\u00e7e Derea\u011fz\u0131 Lefter K\u00fc\u00e7\u00fckandonyadis Tesislerimizin ev sahipli\u011finde oynanacak m\u00fccadele saat 14.00&#8217;te ba\u015flayacak ve S\u0131f\u0131r TV&#8217;den yay\u0131nlanacak.<\/p>\n\n\n\n<p>8&#8217;de 8 yapan Fenerbah\u00e7e arsaVev, ligde averajla 2. s\u0131rada yer al\u0131yor. Rakip a\u011flar\u0131 35 kez havaland\u0131ran tak\u0131m\u0131m\u0131z, kalesinde 2 gol g\u00f6rd\u00fc.<\/p>\n\n\n\n<p>3 galibiyet, 3 beraberlik, 2 ma\u011flubiyet sonucu 12 puan toplayan rakip Y\u00fcksekova Spor, 7. basamakta bulunuyor.<\/p>\n","protected":false},"excerpt":{"rendered":"<p>Fenerbah\u00e7e arsaVev Kad\u0131n Futbol Tak\u0131m\u0131m\u0131z, Turkcell Kad\u0131n Futbol S\u00fcper Ligi 9. hafta ma\u00e7\u0131nda Y\u00fcksekova Spor Kul\u00fcb\u00fc\u2019n\u00fc konuk ediyor. 16 Kas\u0131m Pazar g\u00fcn\u00fc Fenerbah\u00e7e Derea\u011fz\u0131 Lefter K\u00fc\u00e7\u00fckandonyadis Tesislerimizin ev sahipli\u011finde oynanacak m\u00fccadele saat 14.00&#8217;te ba\u015flayacak ve S\u0131f\u0131r TV&#8217;den yay\u0131nlanacak. 8&#8217;de 8 yapan Fenerbah\u00e7e arsaVev, ligde averajla 2. s\u0131rada yer al\u0131yor. Rakip a\u011flar\u0131 35 kez havaland\u0131ran tak\u0131m\u0131m\u0131z, [&hellip;]<\/p>\n","protected":false},"author":1,"featured_media":29067,"comment_status":"closed","ping_status":"closed","sticky":false,"template":"","format":"standard","meta":{"jnews-multi-image_gallery":[],"jnews_single_post":{"format":"standard","override":[{"template":"1","parallax":"1","fullscreen":"1","layout":"right-sidebar","sidebar":"mysidebar","second_sidebar":"default-sidebar","sticky_sidebar":"1","share_position":"float","share_float_style":"share-normal","show_share_counter":"1","show_view_counter":"1","show_featured":"1","show_post_meta":"1","show_post_author_image":"1","show_post_date":"1","post_date_format":"default","post_date_format_custom":"Y\/m\/d","show_post_reading_time":"0","post_reading_time_wpm":"300","post_calculate_word_method":"str_word_count","show_zoom_button":"0","zoom_button_out_step":"2","zoom_button_in_step":"3","show_prev_next_post":"1","number_popup_post":"3","show_author_box":"0","show_post_related":"0","show_inline_post_related":"0"}],"image_override":[{"single_post_thumbnail_size":"crop-500","single_post_gallery_size":"crop-500"}],"trending_post_position":"meta","trending_post_label":"Trending","sponsored_post_label":"Sponsored by","disable_ad":"0","subtitle":"Fenerbah\u00e7e Kad\u0131n Futbol Tak\u0131m\u0131m\u0131z, Kad\u0131n Futbol S\u00fcper Ligi 9. hafta ma\u00e7\u0131nda Y\u00fcksekova Spor Kul\u00fcb\u00fc\u2019n\u00fc a\u011f\u0131rl\u0131yor."},"jnews_primary_category":{"id":"5"},"jnews_social_meta":[],"jnews_override_counter":{"view_counter_number":"0","share_counter_number":"0","like_counter_number":"0","dislike_counter_number":"0"},"footnotes":""},"categories":[4,2,191],"tags":[23,192],"class_list":["post-29102","post","type-post","status-publish","format-standard","has-post-thumbnail","hentry","category-futbol","category-haberler","category-kadin-futbol","tag-fenerbahce","tag-kadinfutbol"],"amp_enabled":true,"_links":{"self":[{"href":"https:\/\/www.fener.org\/index.php\/wp-json\/wp\/v2\/posts\/29102","targetHints":{"allow":["GET"]}}],"collection":[{"href":"https:\/\/www.fener.org\/index.php\/wp-json\/wp\/v2\/posts"}],"about":[{"href":"https:\/\/www.fener.org\/index.php\/wp-json\/wp\/v2\/types\/post"}],"author":[{"embeddable":true,"href":"https:\/\/www.fener.org\/index.php\/wp-json\/wp\/v2\/users\/1"}],"replies":[{"embeddable":true,"href":"https:\/\/www.fener.org\/index.php\/wp-json\/wp\/v2\/comments?post=29102"}],"version-history":[{"count":1,"href":"https:\/\/www.fener.org\/index.php\/wp-json\/wp\/v2\/posts\/29102\/revisions"}],"predecessor-version":[{"id":29103,"href":"https:\/\/www.fener.org\/index.php\/wp-json\/wp\/v2\/posts\/29102\/revisions\/29103"}],"wp:featuredmedia":[{"embeddable":true,"href":"https:\/\/www.fener.org\/index.php\/wp-json\/wp\/v2\/media\/29067"}],"wp:attachment":[{"href":"https:\/\/www.fener.org\/index.php\/wp-json\/wp\/v2\/media?parent=29102"}],"wp:term":[{"taxonomy":"category","embeddable":true,"href":"https:\/\/www.fener.org\/index.php\/wp-json\/wp\/v2\/categories?post=29102"},{"taxonomy":"post_tag","embeddable":true,"href":"https:\/\/www.fener.org\/index.php\/wp-json\/wp\/v2\/tags?post=29102"}],"curies":[{"name":"wp","href":"https:\/\/api.w.org\/{rel}","templated":true}]}}