{"id":29089,"date":"2025-11-12T16:00:00","date_gmt":"2025-11-12T13:00:00","guid":{"rendered":"https:\/\/www.fener.org\/?p=29089"},"modified":"2025-11-12T23:52:54","modified_gmt":"2025-11-12T20:52:54","slug":"hakkarigucu-spor-0-2-fenerbahce-arsavev","status":"publish","type":"post","link":"https:\/\/www.fener.org\/index.php\/2025\/11\/12\/hakkarigucu-spor-0-2-fenerbahce-arsavev\/","title":{"rendered":"Hakkarig\u00fcc\u00fc Spor 0-2 Fenerbah\u00e7e arsaVev"},"content":{"rendered":"\n<p>Fenerbah\u00e7e arsaVev Kad\u0131n Futbol Tak\u0131m\u0131m\u0131z, Turkcell Kad\u0131n Futbol S\u00fcper Ligi 4. hafta (erteleme) ma\u00e7\u0131nda Hakkarig\u00fcc\u00fc Spor\u2019a konuk oldu.<\/p>\n\n\n\n<p>Merzan \u015eehir Stadyumu\u2019nda oynanan ma\u00e7\u0131 2-0 kazanan tak\u0131m\u0131m\u0131z, 8\u2019de 8 yapt\u0131. Gollerimizi 68. dakikada Zeynep Kerimo\u011flu ile 75. dakikada Ece T\u00fcrko\u011flu kaydetti. &nbsp;<\/p>\n\n\n\n<p>Fenerbah\u00e7e arsaVev, 9. hafta m\u00fccadelesinde Y\u00fcksekova Spor Kul\u00fcb\u00fc\u2019n\u00fc konuk edecek. 16 Kas\u0131m Pazar g\u00fcn\u00fc Derea\u011fz\u0131 Lefter K\u00fc\u00e7\u00fckandonyadis Tesisleri\u2019nde oynanacak ma\u00e7 saat 14.00\u2019te ba\u015flayacak.<\/p>\n","protected":false},"excerpt":{"rendered":"<p>Fenerbah\u00e7e arsaVev Kad\u0131n Futbol Tak\u0131m\u0131m\u0131z, Turkcell Kad\u0131n Futbol S\u00fcper Ligi 4. hafta (erteleme) ma\u00e7\u0131nda Hakkarig\u00fcc\u00fc Spor\u2019a konuk oldu. Merzan \u015eehir Stadyumu\u2019nda oynanan ma\u00e7\u0131 2-0 kazanan tak\u0131m\u0131m\u0131z, 8\u2019de 8 yapt\u0131. Gollerimizi 68. dakikada Zeynep Kerimo\u011flu ile 75. dakikada Ece T\u00fcrko\u011flu kaydetti. &nbsp; Fenerbah\u00e7e arsaVev, 9. hafta m\u00fccadelesinde Y\u00fcksekova Spor Kul\u00fcb\u00fc\u2019n\u00fc konuk edecek. 16 Kas\u0131m Pazar g\u00fcn\u00fc [&hellip;]<\/p>\n","protected":false},"author":1,"featured_media":29090,"comment_status":"closed","ping_status":"closed","sticky":false,"template":"","format":"standard","meta":{"jnews-multi-image_gallery":[],"jnews_single_post":{"format":"standard","override":[{"template":"1","parallax":"1","fullscreen":"1","layout":"right-sidebar","sidebar":"mysidebar","second_sidebar":"default-sidebar","sticky_sidebar":"1","share_position":"float","share_float_style":"share-normal","show_share_counter":"1","show_view_counter":"1","show_featured":"1","show_post_meta":"1","show_post_author_image":"1","show_post_date":"1","post_date_format":"default","post_date_format_custom":"Y\/m\/d","show_post_reading_time":"0","post_reading_time_wpm":"300","post_calculate_word_method":"str_word_count","show_zoom_button":"0","zoom_button_out_step":"2","zoom_button_in_step":"3","show_prev_next_post":"1","number_popup_post":"3","show_author_box":"0","show_post_related":"0","show_inline_post_related":"0"}],"image_override":[{"single_post_thumbnail_size":"crop-500","single_post_gallery_size":"crop-500"}],"trending_post_position":"meta","trending_post_label":"Trending","sponsored_post_label":"Sponsored by","disable_ad":"0","subtitle":"Fenerbah\u00e7e Kad\u0131n Futbol Tak\u0131m\u0131m\u0131z, Kad\u0131n Futbol S\u00fcper Ligi 4. haftas\u0131nda ma\u00e7\u0131nda Hakkarig\u00fcc\u00fc Spor ile deplasmanda oynad\u0131\u011f\u0131 m\u00fccadeledeyi 2-0 kazand\u0131."},"jnews_primary_category":{"id":"4"},"jnews_social_meta":[],"jnews_override_counter":{"view_counter_number":"0","share_counter_number":"0","like_counter_number":"0","dislike_counter_number":"0"},"footnotes":""},"categories":[4,2,191],"tags":[23,192],"class_list":["post-29089","post","type-post","status-publish","format-standard","has-post-thumbnail","hentry","category-futbol","category-haberler","category-kadin-futbol","tag-fenerbahce","tag-kadinfutbol"],"amp_enabled":true,"_links":{"self":[{"href":"https:\/\/www.fener.org\/index.php\/wp-json\/wp\/v2\/posts\/29089","targetHints":{"allow":["GET"]}}],"collection":[{"href":"https:\/\/www.fener.org\/index.php\/wp-json\/wp\/v2\/posts"}],"about":[{"href":"https:\/\/www.fener.org\/index.php\/wp-json\/wp\/v2\/types\/post"}],"author":[{"embeddable":true,"href":"https:\/\/www.fener.org\/index.php\/wp-json\/wp\/v2\/users\/1"}],"replies":[{"embeddable":true,"href":"https:\/\/www.fener.org\/index.php\/wp-json\/wp\/v2\/comments?post=29089"}],"version-history":[{"count":1,"href":"https:\/\/www.fener.org\/index.php\/wp-json\/wp\/v2\/posts\/29089\/revisions"}],"predecessor-version":[{"id":29091,"href":"https:\/\/www.fener.org\/index.php\/wp-json\/wp\/v2\/posts\/29089\/revisions\/29091"}],"wp:featuredmedia":[{"embeddable":true,"href":"https:\/\/www.fener.org\/index.php\/wp-json\/wp\/v2\/media\/29090"}],"wp:attachment":[{"href":"https:\/\/www.fener.org\/index.php\/wp-json\/wp\/v2\/media?parent=29089"}],"wp:term":[{"taxonomy":"category","embeddable":true,"href":"https:\/\/www.fener.org\/index.php\/wp-json\/wp\/v2\/categories?post=29089"},{"taxonomy":"post_tag","embeddable":true,"href":"https:\/\/www.fener.org\/index.php\/wp-json\/wp\/v2\/tags?post=29089"}],"curies":[{"name":"wp","href":"https:\/\/api.w.org\/{rel}","templated":true}]}}