{"id":28901,"date":"2025-10-25T22:11:06","date_gmt":"2025-10-25T19:11:06","guid":{"rendered":"https:\/\/www.fener.org\/?p=28901"},"modified":"2025-10-25T22:11:10","modified_gmt":"2025-10-25T19:11:10","slug":"nurhayat-guven-avrupa-sampiyonasinda-3-oldu","status":"publish","type":"post","link":"https:\/\/www.fener.org\/index.php\/2025\/10\/25\/nurhayat-guven-avrupa-sampiyonasinda-3-oldu\/","title":{"rendered":"Nurhayat G\u00fcven, Avrupa \u015eampiyonas\u0131\u2019nda 3. oldu"},"content":{"rendered":"\n<p>18-25 Ekim tarihleri aras\u0131nda \u0130talya Arzachena\u2019da ger\u00e7ekle\u015fen IQ Foil Youth &amp; Junior Avrupa \u015eampiyonas\u0131\u2019nda m\u00fccadele eden Fenerbah\u00e7eli milli sporcumuz Nurhayat G\u00fcven, U19 K\u0131zlar kategorisinde g\u00f6sterdi\u011fi kararl\u0131 ve istikrarl\u0131 performansla 3.\u2019l\u00fck derecesi elde ederek podyuma \u00e7\u0131kmay\u0131 ba\u015fard\u0131.<\/p>\n","protected":false},"excerpt":{"rendered":"<p>18-25 Ekim tarihleri aras\u0131nda \u0130talya Arzachena\u2019da ger\u00e7ekle\u015fen IQ Foil Youth &amp; Junior Avrupa \u015eampiyonas\u0131\u2019nda m\u00fccadele eden Fenerbah\u00e7eli milli sporcumuz Nurhayat G\u00fcven, U19 K\u0131zlar kategorisinde g\u00f6sterdi\u011fi kararl\u0131 ve istikrarl\u0131 performansla 3.\u2019l\u00fck derecesi elde ederek podyuma \u00e7\u0131kmay\u0131 ba\u015fard\u0131.<\/p>\n","protected":false},"author":1,"featured_media":28903,"comment_status":"closed","ping_status":"closed","sticky":false,"template":"","format":"standard","meta":{"jnews-multi-image_gallery":[],"jnews_single_post":{"format":"standard","override":[{"template":"1","parallax":"1","fullscreen":"1","layout":"right-sidebar","sidebar":"mysidebar","second_sidebar":"default-sidebar","sticky_sidebar":"1","share_position":"float","share_float_style":"share-normal","show_share_counter":"1","show_view_counter":"1","show_featured":"1","show_post_meta":"1","show_post_author_image":"1","show_post_date":"1","post_date_format":"default","post_date_format_custom":"Y\/m\/d","show_post_reading_time":"0","post_reading_time_wpm":"300","post_calculate_word_method":"str_word_count","show_zoom_button":"0","zoom_button_out_step":"2","zoom_button_in_step":"3","show_prev_next_post":"1","number_popup_post":"3","show_author_box":"0","show_post_related":"0","show_inline_post_related":"0"}],"image_override":[{"single_post_thumbnail_size":"crop-500","single_post_gallery_size":"crop-500"}],"trending_post_position":"meta","trending_post_label":"Trending","sponsored_post_label":"Sponsored by","disable_ad":"0"},"jnews_primary_category":{"id":"12"},"jnews_social_meta":[],"jnews_override_counter":{"view_counter_number":"0","share_counter_number":"0","like_counter_number":"0","dislike_counter_number":"0"},"footnotes":""},"categories":[2,12],"tags":[23,31],"class_list":["post-28901","post","type-post","status-publish","format-standard","has-post-thumbnail","hentry","category-haberler","category-yelken","tag-fenerbahce","tag-yelken"],"amp_enabled":true,"_links":{"self":[{"href":"https:\/\/www.fener.org\/index.php\/wp-json\/wp\/v2\/posts\/28901","targetHints":{"allow":["GET"]}}],"collection":[{"href":"https:\/\/www.fener.org\/index.php\/wp-json\/wp\/v2\/posts"}],"about":[{"href":"https:\/\/www.fener.org\/index.php\/wp-json\/wp\/v2\/types\/post"}],"author":[{"embeddable":true,"href":"https:\/\/www.fener.org\/index.php\/wp-json\/wp\/v2\/users\/1"}],"replies":[{"embeddable":true,"href":"https:\/\/www.fener.org\/index.php\/wp-json\/wp\/v2\/comments?post=28901"}],"version-history":[{"count":1,"href":"https:\/\/www.fener.org\/index.php\/wp-json\/wp\/v2\/posts\/28901\/revisions"}],"predecessor-version":[{"id":28902,"href":"https:\/\/www.fener.org\/index.php\/wp-json\/wp\/v2\/posts\/28901\/revisions\/28902"}],"wp:featuredmedia":[{"embeddable":true,"href":"https:\/\/www.fener.org\/index.php\/wp-json\/wp\/v2\/media\/28903"}],"wp:attachment":[{"href":"https:\/\/www.fener.org\/index.php\/wp-json\/wp\/v2\/media?parent=28901"}],"wp:term":[{"taxonomy":"category","embeddable":true,"href":"https:\/\/www.fener.org\/index.php\/wp-json\/wp\/v2\/categories?post=28901"},{"taxonomy":"post_tag","embeddable":true,"href":"https:\/\/www.fener.org\/index.php\/wp-json\/wp\/v2\/tags?post=28901"}],"curies":[{"name":"wp","href":"https:\/\/api.w.org\/{rel}","templated":true}]}}