{"id":28795,"date":"2025-10-14T22:51:26","date_gmt":"2025-10-14T19:51:26","guid":{"rendered":"https:\/\/www.fener.org\/?p=28795"},"modified":"2025-10-14T22:51:34","modified_gmt":"2025-10-14T19:51:34","slug":"fenerbahce-arsavev-1207-antalyaspor-kadin-fkya-konuk-oluyor","status":"publish","type":"post","link":"https:\/\/www.fener.org\/index.php\/2025\/10\/14\/fenerbahce-arsavev-1207-antalyaspor-kadin-fkya-konuk-oluyor\/","title":{"rendered":"Fenerbah\u00e7e arsaVev, 1207 Antalyaspor Kad\u0131n FK\u2019ya konuk oluyor"},"content":{"rendered":"\n<p>Fenerbah\u00e7e arsaVev Kad\u0131n Futbol Tak\u0131m\u0131m\u0131z, Turkcell Kad\u0131n Futbol S\u00fcper Ligi alt\u0131nc\u0131 hafta ma\u00e7\u0131nda 1207 Antalyaspor Kad\u0131n Futbol Kul\u00fcb\u00fc\u2019ne konuk oluyor.<\/p>\n\n\n\n<p>15 Ekim \u00c7ar\u015famba g\u00fcn\u00fc (yar\u0131n) Zeytink\u00f6y Antalya Sahas\u0131\u2019nda oynanacak ma\u00e7 saat 14.00\u2019te ba\u015flayacak ve FilBox platformundan canl\u0131 yay\u0131nlanacak.<\/p>\n\n\n\n<p>Fenerbah\u00e7e arsaVev Kad\u0131n Futbol Tak\u0131m\u0131m\u0131z, ligde 4\u2019te 4 yaparak 12 puanla zirvede bulunurken, 1 beraberlik ve 3 ma\u011flubiyete sahip olan 1207 Antalyaspor Kad\u0131n Futbol Kul\u00fcb\u00fc ise 1 puanla 14. s\u0131rada yer al\u0131yor.<\/p>\n","protected":false},"excerpt":{"rendered":"<p>Fenerbah\u00e7e arsaVev Kad\u0131n Futbol Tak\u0131m\u0131m\u0131z, Turkcell Kad\u0131n Futbol S\u00fcper Ligi alt\u0131nc\u0131 hafta ma\u00e7\u0131nda 1207 Antalyaspor Kad\u0131n Futbol Kul\u00fcb\u00fc\u2019ne konuk oluyor. 15 Ekim \u00c7ar\u015famba g\u00fcn\u00fc (yar\u0131n) Zeytink\u00f6y Antalya Sahas\u0131\u2019nda oynanacak ma\u00e7 saat 14.00\u2019te ba\u015flayacak ve FilBox platformundan canl\u0131 yay\u0131nlanacak. Fenerbah\u00e7e arsaVev Kad\u0131n Futbol Tak\u0131m\u0131m\u0131z, ligde 4\u2019te 4 yaparak 12 puanla zirvede bulunurken, 1 beraberlik ve 3 [&hellip;]<\/p>\n","protected":false},"author":1,"featured_media":28701,"comment_status":"closed","ping_status":"closed","sticky":false,"template":"","format":"standard","meta":{"jnews-multi-image_gallery":[],"jnews_single_post":{"format":"standard","override":[{"template":"1","parallax":"1","fullscreen":"1","layout":"right-sidebar","sidebar":"mysidebar","second_sidebar":"default-sidebar","sticky_sidebar":"1","share_position":"float","share_float_style":"share-normal","show_share_counter":"1","show_view_counter":"1","show_featured":"1","show_post_meta":"1","show_post_author_image":"1","show_post_date":"1","post_date_format":"default","post_date_format_custom":"Y\/m\/d","show_post_reading_time":"0","post_reading_time_wpm":"300","post_calculate_word_method":"str_word_count","show_zoom_button":"0","zoom_button_out_step":"2","zoom_button_in_step":"3","show_prev_next_post":"1","number_popup_post":"3","show_author_box":"0","show_post_related":"0","show_inline_post_related":"0"}],"image_override":[{"single_post_thumbnail_size":"crop-500","single_post_gallery_size":"crop-500"}],"trending_post_position":"meta","trending_post_label":"Trending","sponsored_post_label":"Sponsored by","disable_ad":"0","subtitle":"Fenerbah\u00e7e Kad\u0131n Futbol Tak\u0131m\u0131m\u0131z, Kad\u0131n Futbol S\u00fcper Ligi alt\u0131nc\u0131 haftas\u0131nda deplasmanda Antalyaspor ile kar\u015f\u0131la\u015f\u0131yor."},"jnews_primary_category":{"id":"4"},"jnews_social_meta":[],"jnews_override_counter":{"view_counter_number":"0","share_counter_number":"0","like_counter_number":"0","dislike_counter_number":"0"},"footnotes":""},"categories":[4,2,191],"tags":[23,192],"class_list":["post-28795","post","type-post","status-publish","format-standard","has-post-thumbnail","hentry","category-futbol","category-haberler","category-kadin-futbol","tag-fenerbahce","tag-kadinfutbol"],"amp_enabled":true,"_links":{"self":[{"href":"https:\/\/www.fener.org\/index.php\/wp-json\/wp\/v2\/posts\/28795","targetHints":{"allow":["GET"]}}],"collection":[{"href":"https:\/\/www.fener.org\/index.php\/wp-json\/wp\/v2\/posts"}],"about":[{"href":"https:\/\/www.fener.org\/index.php\/wp-json\/wp\/v2\/types\/post"}],"author":[{"embeddable":true,"href":"https:\/\/www.fener.org\/index.php\/wp-json\/wp\/v2\/users\/1"}],"replies":[{"embeddable":true,"href":"https:\/\/www.fener.org\/index.php\/wp-json\/wp\/v2\/comments?post=28795"}],"version-history":[{"count":1,"href":"https:\/\/www.fener.org\/index.php\/wp-json\/wp\/v2\/posts\/28795\/revisions"}],"predecessor-version":[{"id":28796,"href":"https:\/\/www.fener.org\/index.php\/wp-json\/wp\/v2\/posts\/28795\/revisions\/28796"}],"wp:featuredmedia":[{"embeddable":true,"href":"https:\/\/www.fener.org\/index.php\/wp-json\/wp\/v2\/media\/28701"}],"wp:attachment":[{"href":"https:\/\/www.fener.org\/index.php\/wp-json\/wp\/v2\/media?parent=28795"}],"wp:term":[{"taxonomy":"category","embeddable":true,"href":"https:\/\/www.fener.org\/index.php\/wp-json\/wp\/v2\/categories?post=28795"},{"taxonomy":"post_tag","embeddable":true,"href":"https:\/\/www.fener.org\/index.php\/wp-json\/wp\/v2\/tags?post=28795"}],"curies":[{"name":"wp","href":"https:\/\/api.w.org\/{rel}","templated":true}]}}