{"id":28744,"date":"2025-10-09T22:13:29","date_gmt":"2025-10-09T19:13:29","guid":{"rendered":"https:\/\/www.fener.org\/?p=28744"},"modified":"2025-10-09T22:13:33","modified_gmt":"2025-10-09T19:13:33","slug":"miguel-mendez-genel-olarak-takimdan-memnunum","status":"publish","type":"post","link":"https:\/\/www.fener.org\/index.php\/2025\/10\/09\/miguel-mendez-genel-olarak-takimdan-memnunum\/","title":{"rendered":"Miguel Mendez: Genel olarak tak\u0131mdan memnunum"},"content":{"rendered":"\n<p>Fenerbah\u00e7e Opet Kad\u0131n Basketbol Tak\u0131m\u0131m\u0131z, EuroLeague Women\u2019\u0131n ilk haftas\u0131nda DVTK Huntherm\u2019i deplasmanda 58-89 ma\u011flup etti. Ma\u00e7\u0131n ard\u0131ndan Ba\u015fantren\u00f6r\u00fcm\u00fcz Miguel Mendez, kar\u015f\u0131la\u015fmay\u0131 Fenerbah\u00e7e Televizyonu\u2019na de\u011ferlendirdi.<\/p>\n\n\n\n<p>Miguel Mendez \u015funlar\u0131 s\u00f6yledi:<\/p>\n\n\n\n<blockquote class=\"wp-block-quote is-layout-flow wp-block-quote-is-layout-flow\">\n<p>\u201cK\u0131zlara da s\u00f6yledim, ma\u00e7\u0131 kazanmak bizle ilgili, bize ba\u011fl\u0131. Atmosfer olabilir, bask\u0131 olabilir. Genel olarak performanstan memnunum. Baz\u0131 zamanlarda \u00e7ok iyi performans verdik, baz\u0131 zamanlardan \u00e7ok memnun de\u011filim. Bunlar\u0131n \u00fczerine \u00e7al\u0131\u015fmam\u0131z gerekecek. EuroLeague\u2019in ilk ma\u00e7\u0131, dolay\u0131s\u0131yla bunlar normal. Ma\u00e7\u0131n ba\u015f\u0131ndan beri kontrol bizdeydi. O bizim i\u00e7in \u00f6nemli. Genel olarak tak\u0131mdan memnunum.\u201d<\/p>\n<\/blockquote>\n","protected":false},"excerpt":{"rendered":"<p>Fenerbah\u00e7e Opet Kad\u0131n Basketbol Tak\u0131m\u0131m\u0131z, EuroLeague Women\u2019\u0131n ilk haftas\u0131nda DVTK Huntherm\u2019i deplasmanda 58-89 ma\u011flup etti. Ma\u00e7\u0131n ard\u0131ndan Ba\u015fantren\u00f6r\u00fcm\u00fcz Miguel Mendez, kar\u015f\u0131la\u015fmay\u0131 Fenerbah\u00e7e Televizyonu\u2019na de\u011ferlendirdi. Miguel Mendez \u015funlar\u0131 s\u00f6yledi: \u201cK\u0131zlara da s\u00f6yledim, ma\u00e7\u0131 kazanmak bizle ilgili, bize ba\u011fl\u0131. Atmosfer olabilir, bask\u0131 olabilir. Genel olarak performanstan memnunum. Baz\u0131 zamanlarda \u00e7ok iyi performans verdik, baz\u0131 zamanlardan \u00e7ok memnun [&hellip;]<\/p>\n","protected":false},"author":1,"featured_media":28745,"comment_status":"closed","ping_status":"closed","sticky":false,"template":"","format":"standard","meta":{"jnews-multi-image_gallery":[],"jnews_single_post":{"format":"standard","override":[{"template":"1","parallax":"1","fullscreen":"1","layout":"right-sidebar","sidebar":"mysidebar","second_sidebar":"default-sidebar","sticky_sidebar":"1","share_position":"float","share_float_style":"share-normal","show_share_counter":"1","show_view_counter":"1","show_featured":"1","show_post_meta":"1","show_post_author_image":"1","show_post_date":"1","post_date_format":"default","post_date_format_custom":"Y\/m\/d","show_post_reading_time":"0","post_reading_time_wpm":"300","post_calculate_word_method":"str_word_count","show_zoom_button":"0","zoom_button_out_step":"2","zoom_button_in_step":"3","show_prev_next_post":"1","number_popup_post":"3","show_author_box":"0","show_post_related":"0","show_inline_post_related":"0"}],"image_override":[{"single_post_thumbnail_size":"crop-500","single_post_gallery_size":"crop-500"}],"trending_post_position":"meta","trending_post_label":"Trending","sponsored_post_label":"Sponsored by","disable_ad":"0","subtitle":"Ba\u015fantren\u00f6r\u00fcm\u00fcz Miguel Mendez, DVTK Huntherm galibiyetini de\u011ferlendirdi"},"jnews_primary_category":{"id":"5"},"jnews_social_meta":[],"jnews_override_counter":{"view_counter_number":"0","share_counter_number":"0","like_counter_number":"0","dislike_counter_number":"0"},"footnotes":""},"categories":[5,2,7],"tags":[24,70,23],"class_list":["post-28744","post","type-post","status-publish","format-standard","has-post-thumbnail","hentry","category-basketbol","category-haberler","category-kadin-basketbol","tag-basketbol","tag-euroleaguewomen","tag-fenerbahce"],"amp_enabled":true,"_links":{"self":[{"href":"https:\/\/www.fener.org\/index.php\/wp-json\/wp\/v2\/posts\/28744","targetHints":{"allow":["GET"]}}],"collection":[{"href":"https:\/\/www.fener.org\/index.php\/wp-json\/wp\/v2\/posts"}],"about":[{"href":"https:\/\/www.fener.org\/index.php\/wp-json\/wp\/v2\/types\/post"}],"author":[{"embeddable":true,"href":"https:\/\/www.fener.org\/index.php\/wp-json\/wp\/v2\/users\/1"}],"replies":[{"embeddable":true,"href":"https:\/\/www.fener.org\/index.php\/wp-json\/wp\/v2\/comments?post=28744"}],"version-history":[{"count":1,"href":"https:\/\/www.fener.org\/index.php\/wp-json\/wp\/v2\/posts\/28744\/revisions"}],"predecessor-version":[{"id":28746,"href":"https:\/\/www.fener.org\/index.php\/wp-json\/wp\/v2\/posts\/28744\/revisions\/28746"}],"wp:featuredmedia":[{"embeddable":true,"href":"https:\/\/www.fener.org\/index.php\/wp-json\/wp\/v2\/media\/28745"}],"wp:attachment":[{"href":"https:\/\/www.fener.org\/index.php\/wp-json\/wp\/v2\/media?parent=28744"}],"wp:term":[{"taxonomy":"category","embeddable":true,"href":"https:\/\/www.fener.org\/index.php\/wp-json\/wp\/v2\/categories?post=28744"},{"taxonomy":"post_tag","embeddable":true,"href":"https:\/\/www.fener.org\/index.php\/wp-json\/wp\/v2\/tags?post=28744"}],"curies":[{"name":"wp","href":"https:\/\/api.w.org\/{rel}","templated":true}]}}