{"id":28741,"date":"2025-10-09T21:11:59","date_gmt":"2025-10-09T18:11:59","guid":{"rendered":"https:\/\/www.fener.org\/?p=28741"},"modified":"2025-10-09T21:12:03","modified_gmt":"2025-10-09T18:12:03","slug":"fenerbahce-opet-euroleague-womena-galibiyetle-basladi","status":"publish","type":"post","link":"https:\/\/www.fener.org\/index.php\/2025\/10\/09\/fenerbahce-opet-euroleague-womena-galibiyetle-basladi\/","title":{"rendered":"Fenerbah\u00e7e Opet, EuroLeague Women\u2019a galibiyetle ba\u015flad\u0131"},"content":{"rendered":"\n<p>Fenerbah\u00e7e Opet Kad\u0131n Basketbol Tak\u0131m\u0131m\u0131z, Kad\u0131nlar EuroLeague 2025-26 sezonu C grubu ilk hafta ma\u00e7\u0131nda Macaristan temsilcisi DVTK Huntherm\u2019e konuk oldu. M\u00fccadeleyi 31 say\u0131 farkla 58-89 kazanan Potan\u0131n Krali\u00e7eleri, Avrupa Ligi\u2019ne galibiyetle ba\u015flad\u0131.<br>\u00a0<br>DVTK Arena\u2019da oynanan kar\u015f\u0131la\u015fmay\u0131 Kad\u0131n Basketboldan Sorumlu Y\u00f6netim Kurulu \u00dcyemiz Ufuk \u015eansal da izledi.<br>\u00a0<br>Tak\u0131m\u0131m\u0131z ma\u00e7a; Julie Allemand, Sevgi Uzun, Rebecca Allen, Iliana Rupert, Emma Meesseman be\u015fiyle ba\u015flad\u0131.<br>\u00a0<br>Kar\u015f\u0131la\u015fmaya savunmada istedi\u011fi ba\u015flang\u0131c\u0131 yapamayan Tak\u0131m\u0131m\u0131z, ilk 5 dakikal\u0131k b\u00f6l\u00fcmde potas\u0131nda 15 say\u0131 g\u00f6r\u00fcnce Ba\u015fantren\u00f6r\u00fcm\u00fcz Miguel Mendez\u2019den mola geldi: 15-9. Moladan Allen\u2019\u0131n 2, Sevgi\u2019nin de 1 \u00fc\u00e7l\u00fc\u011f\u00fcyle d\u00f6nen Fenerbah\u00e7e Opet, periyodun son b\u00f6l\u00fcm\u00fcnde skor avantaj\u0131n\u0131 eline ge\u00e7irdi ve ilk periyodu 19-22 \u00f6nde tamamlad\u0131. Savunma kontrol\u00fcn\u00fc eline alarak rakibine ikinci periyodun ilk 4 dakikal\u0131k b\u00f6l\u00fcm\u00fcnde say\u0131 \u015fans\u0131 tan\u0131mayan Tak\u0131m\u0131m\u0131z, serisini ise 16\u2019ya y\u00fckseltti: 19-31 (5:23) Potan\u0131n Krali\u00e7eleri ikinci sette rakibine 7-17 \u00fcst\u00fcnl\u00fck kurdu ve soyunma odas\u0131na 26-39 \u00f6nde gitti.<br>\u00a0<br>\u0130kinci periyottaki etkili oyununu \u00fc\u00e7\u00fcnc\u00fc periyoda da ta\u015f\u0131yan Tak\u0131m\u0131m\u0131z, fark\u0131 21 say\u0131ya kadar y\u00fckseltti\u011fi bu periyodu 45-62 \u00f6nde tamamlad\u0131. D\u00f6rd\u00fcnc\u00fc periyotta h\u0131zl\u0131 h\u00fccumlarla fark\u0131 a\u00e7maya devam eden Fenerbah\u00e7e Opet, m\u00fccadeleden 31 say\u0131 farkla 58-89 galip ayr\u0131ld\u0131.<br>\u00a0<br><strong>\u00c7eyrek skorlar\u0131:<\/strong><br>\u00a0<br>1.\u00c7eyrek: 19-22<br>2.\u00c7eyrek: 7-17<br>3.\u00c7eyrek: 19-23<br>4.\u00c7eyrek: 13-27<\/p>\n","protected":false},"excerpt":{"rendered":"<p>Fenerbah\u00e7e Opet Kad\u0131n Basketbol Tak\u0131m\u0131m\u0131z, Kad\u0131nlar EuroLeague 2025-26 sezonu C grubu ilk hafta ma\u00e7\u0131nda Macaristan temsilcisi DVTK Huntherm\u2019e konuk oldu. M\u00fccadeleyi 31 say\u0131 farkla 58-89 kazanan Potan\u0131n Krali\u00e7eleri, Avrupa Ligi\u2019ne galibiyetle ba\u015flad\u0131.\u00a0DVTK Arena\u2019da oynanan kar\u015f\u0131la\u015fmay\u0131 Kad\u0131n Basketboldan Sorumlu Y\u00f6netim Kurulu \u00dcyemiz Ufuk \u015eansal da izledi.\u00a0Tak\u0131m\u0131m\u0131z ma\u00e7a; Julie Allemand, Sevgi Uzun, Rebecca Allen, Iliana Rupert, Emma [&hellip;]<\/p>\n","protected":false},"author":1,"featured_media":28742,"comment_status":"closed","ping_status":"closed","sticky":false,"template":"","format":"standard","meta":{"jnews-multi-image_gallery":[],"jnews_single_post":{"format":"standard","override":[{"template":"1","parallax":"1","fullscreen":"1","layout":"right-sidebar","sidebar":"mysidebar","second_sidebar":"default-sidebar","sticky_sidebar":"1","share_position":"float","share_float_style":"share-normal","show_share_counter":"1","show_view_counter":"1","show_featured":"1","show_post_meta":"1","show_post_author_image":"1","show_post_date":"1","post_date_format":"default","post_date_format_custom":"Y\/m\/d","show_post_reading_time":"0","post_reading_time_wpm":"300","post_calculate_word_method":"str_word_count","show_zoom_button":"0","zoom_button_out_step":"2","zoom_button_in_step":"3","show_prev_next_post":"1","number_popup_post":"3","show_author_box":"0","show_post_related":"0","show_inline_post_related":"0"}],"image_override":[{"single_post_thumbnail_size":"crop-500","single_post_gallery_size":"crop-500"}],"trending_post_position":"meta","trending_post_label":"Trending","sponsored_post_label":"Sponsored by","disable_ad":"0","subtitle":"Fenerbah\u00e7e Kad\u0131n Basketbol Tak\u0131m\u0131m\u0131z, Kad\u0131nlar EuroLeague 2025-26 sezonu C grubu ilk hafta ma\u00e7\u0131nda deplasmanda DVTK Huntherm ile oynad\u0131\u011f\u0131 kar\u015f\u0131la\u015fmadan 58-89 galip ayr\u0131ld\u0131."},"jnews_primary_category":{"id":"5"},"jnews_social_meta":[],"jnews_override_counter":{"view_counter_number":"0","share_counter_number":"0","like_counter_number":"0","dislike_counter_number":"0"},"footnotes":""},"categories":[5,2,7],"tags":[24,70,23],"class_list":["post-28741","post","type-post","status-publish","format-standard","has-post-thumbnail","hentry","category-basketbol","category-haberler","category-kadin-basketbol","tag-basketbol","tag-euroleaguewomen","tag-fenerbahce"],"amp_enabled":true,"_links":{"self":[{"href":"https:\/\/www.fener.org\/index.php\/wp-json\/wp\/v2\/posts\/28741","targetHints":{"allow":["GET"]}}],"collection":[{"href":"https:\/\/www.fener.org\/index.php\/wp-json\/wp\/v2\/posts"}],"about":[{"href":"https:\/\/www.fener.org\/index.php\/wp-json\/wp\/v2\/types\/post"}],"author":[{"embeddable":true,"href":"https:\/\/www.fener.org\/index.php\/wp-json\/wp\/v2\/users\/1"}],"replies":[{"embeddable":true,"href":"https:\/\/www.fener.org\/index.php\/wp-json\/wp\/v2\/comments?post=28741"}],"version-history":[{"count":1,"href":"https:\/\/www.fener.org\/index.php\/wp-json\/wp\/v2\/posts\/28741\/revisions"}],"predecessor-version":[{"id":28743,"href":"https:\/\/www.fener.org\/index.php\/wp-json\/wp\/v2\/posts\/28741\/revisions\/28743"}],"wp:featuredmedia":[{"embeddable":true,"href":"https:\/\/www.fener.org\/index.php\/wp-json\/wp\/v2\/media\/28742"}],"wp:attachment":[{"href":"https:\/\/www.fener.org\/index.php\/wp-json\/wp\/v2\/media?parent=28741"}],"wp:term":[{"taxonomy":"category","embeddable":true,"href":"https:\/\/www.fener.org\/index.php\/wp-json\/wp\/v2\/categories?post=28741"},{"taxonomy":"post_tag","embeddable":true,"href":"https:\/\/www.fener.org\/index.php\/wp-json\/wp\/v2\/tags?post=28741"}],"curies":[{"name":"wp","href":"https:\/\/api.w.org\/{rel}","templated":true}]}}