{"id":28707,"date":"2025-10-04T17:58:00","date_gmt":"2025-10-04T14:58:00","guid":{"rendered":"https:\/\/www.fener.org\/?p=28707"},"modified":"2025-10-05T09:00:19","modified_gmt":"2025-10-05T06:00:19","slug":"u16-ve-u17-takimimiz-besiktas-ile-karsilasti","status":"publish","type":"post","link":"https:\/\/www.fener.org\/index.php\/2025\/10\/04\/u16-ve-u17-takimimiz-besiktas-ile-karsilasti\/","title":{"rendered":"U16 ve U17 Tak\u0131m\u0131m\u0131z, Be\u015fikta\u015f ile kar\u015f\u0131la\u015ft\u0131"},"content":{"rendered":"\n<p>Fenerbah\u00e7e U16 Tak\u0131m\u0131m\u0131z, Geli\u015fim Ligi \u00fc\u00e7\u00fcnc\u00fc hafta ma\u00e7\u0131nda&nbsp;konuk&nbsp;etti\u011fi Be\u015fikta\u015f ile 1-1 berabere kald\u0131. Fenerbah\u00e7e Derea\u011fz\u0131 Lefter K\u00fc\u00e7\u00fckandonyadis Tesisleri\u2019nde oynanan ma\u00e7ta gol\u00fcm\u00fcz\u00fc 13. dakikada Arif Poyraz Ko\u00e7o\u011flu kaydetti. Haftay\u0131 bir puanla kapatan ekibimiz, puan\u0131n\u0131 5\u2019e y\u00fckseltti.<\/p>\n\n\n\n<p>Fenerbah\u00e7e U17 Tak\u0131m\u0131m\u0131z, Geli\u015fim Ligi \u00fc\u00e7\u00fcnc\u00fc hafta kar\u015f\u0131la\u015fmas\u0131nda konuk etti\u011fi Be\u015fikta\u015f\u2019\u0131 3-0 ma\u011flup etti. Fenerbah\u00e7e Derea\u011fz\u0131 Lefter K\u00fc\u00e7\u00fckandonyadis Tesisleri\u2019nde oynanan ma\u00e7ta gollerimizi 45. dakikada penalt\u0131dan Ya\u011f\u0131z Fikri \u015een, 56. dakikada rakip oyuncu kendi kalesine ve 72. dakikada &nbsp;Alaettin Ekici kaydetti. Bu sonu\u00e7la 3\u2019te 3 yapan tak\u0131m\u0131m\u0131z, puan\u0131n\u0131 9\u2019a y\u00fckseltti ve liderli\u011fini s\u00fcrd\u00fcrd\u00fc.<\/p>\n","protected":false},"excerpt":{"rendered":"<p>Fenerbah\u00e7e U16 Tak\u0131m\u0131m\u0131z, Geli\u015fim Ligi \u00fc\u00e7\u00fcnc\u00fc hafta ma\u00e7\u0131nda&nbsp;konuk&nbsp;etti\u011fi Be\u015fikta\u015f ile 1-1 berabere kald\u0131. Fenerbah\u00e7e Derea\u011fz\u0131 Lefter K\u00fc\u00e7\u00fckandonyadis Tesisleri\u2019nde oynanan ma\u00e7ta gol\u00fcm\u00fcz\u00fc 13. dakikada Arif Poyraz Ko\u00e7o\u011flu kaydetti. Haftay\u0131 bir puanla kapatan ekibimiz, puan\u0131n\u0131 5\u2019e y\u00fckseltti. Fenerbah\u00e7e U17 Tak\u0131m\u0131m\u0131z, Geli\u015fim Ligi \u00fc\u00e7\u00fcnc\u00fc hafta kar\u015f\u0131la\u015fmas\u0131nda konuk etti\u011fi Be\u015fikta\u015f\u2019\u0131 3-0 ma\u011flup etti. Fenerbah\u00e7e Derea\u011fz\u0131 Lefter K\u00fc\u00e7\u00fckandonyadis Tesisleri\u2019nde oynanan [&hellip;]<\/p>\n","protected":false},"author":1,"featured_media":1278,"comment_status":"closed","ping_status":"closed","sticky":false,"template":"","format":"standard","meta":{"jnews-multi-image_gallery":[],"jnews_single_post":{"format":"standard","override":[{"template":"1","parallax":"1","fullscreen":"1","layout":"right-sidebar","sidebar":"mysidebar","second_sidebar":"default-sidebar","sticky_sidebar":"1","share_position":"float","share_float_style":"share-normal","show_share_counter":"1","show_view_counter":"1","show_featured":"1","show_post_meta":"1","show_post_author_image":"1","show_post_date":"1","post_date_format":"default","post_date_format_custom":"Y\/m\/d","show_post_reading_time":"0","post_reading_time_wpm":"300","post_calculate_word_method":"str_word_count","show_zoom_button":"0","zoom_button_out_step":"2","zoom_button_in_step":"3","show_prev_next_post":"1","number_popup_post":"3","show_author_box":"0","show_post_related":"0","show_inline_post_related":"0"}],"image_override":[{"single_post_thumbnail_size":"crop-500","single_post_gallery_size":"crop-500"}],"trending_post_position":"meta","trending_post_label":"Trending","sponsored_post_label":"Sponsored by","disable_ad":"0"},"jnews_primary_category":{"id":"4"},"jnews_social_meta":[],"jnews_override_counter":{"view_counter_number":"0","share_counter_number":"0","like_counter_number":"0","dislike_counter_number":"0"},"footnotes":""},"categories":[4,17,2],"tags":[23,54],"class_list":["post-28707","post","type-post","status-publish","format-standard","has-post-thumbnail","hentry","category-futbol","category-futbol-altyapi","category-haberler","tag-fenerbahce","tag-futbol"],"amp_enabled":true,"_links":{"self":[{"href":"https:\/\/www.fener.org\/index.php\/wp-json\/wp\/v2\/posts\/28707","targetHints":{"allow":["GET"]}}],"collection":[{"href":"https:\/\/www.fener.org\/index.php\/wp-json\/wp\/v2\/posts"}],"about":[{"href":"https:\/\/www.fener.org\/index.php\/wp-json\/wp\/v2\/types\/post"}],"author":[{"embeddable":true,"href":"https:\/\/www.fener.org\/index.php\/wp-json\/wp\/v2\/users\/1"}],"replies":[{"embeddable":true,"href":"https:\/\/www.fener.org\/index.php\/wp-json\/wp\/v2\/comments?post=28707"}],"version-history":[{"count":1,"href":"https:\/\/www.fener.org\/index.php\/wp-json\/wp\/v2\/posts\/28707\/revisions"}],"predecessor-version":[{"id":28708,"href":"https:\/\/www.fener.org\/index.php\/wp-json\/wp\/v2\/posts\/28707\/revisions\/28708"}],"wp:featuredmedia":[{"embeddable":true,"href":"https:\/\/www.fener.org\/index.php\/wp-json\/wp\/v2\/media\/1278"}],"wp:attachment":[{"href":"https:\/\/www.fener.org\/index.php\/wp-json\/wp\/v2\/media?parent=28707"}],"wp:term":[{"taxonomy":"category","embeddable":true,"href":"https:\/\/www.fener.org\/index.php\/wp-json\/wp\/v2\/categories?post=28707"},{"taxonomy":"post_tag","embeddable":true,"href":"https:\/\/www.fener.org\/index.php\/wp-json\/wp\/v2\/tags?post=28707"}],"curies":[{"name":"wp","href":"https:\/\/api.w.org\/{rel}","templated":true}]}}