{"id":2859,"date":"2018-11-04T18:42:53","date_gmt":"2018-11-04T15:42:53","guid":{"rendered":"https:\/\/www.fener.org\/?p=2859"},"modified":"2018-11-04T18:42:53","modified_gmt":"2018-11-04T15:42:53","slug":"u14-u15-u16-takimlarimiz-balikesirspor-baltok-ile-mucadele-etti","status":"publish","type":"post","link":"https:\/\/www.fener.org\/index.php\/2018\/11\/04\/u14-u15-u16-takimlarimiz-balikesirspor-baltok-ile-mucadele-etti\/","title":{"rendered":"U14-U15-U16 Tak\u0131mlar\u0131m\u0131z Bal\u0131kesirspor Baltok ile m\u00fccadele etti"},"content":{"rendered":"<p>Fenerbah\u00e7e 14, 15 ve 16 Ya\u015f Alt\u0131 Futbol Tak\u0131mlar\u0131m\u0131z galibiyetiyle tamamlanan m\u00fcsabaka sonu\u00e7lar\u0131 \u015fu \u015fekilde:<\/p>\n<p><strong>U14:<\/strong> Fenerbah\u00e7e 5-0 Bal\u0131kesirspor Baltok<\/p>\n<p>Fenerbah\u00e7e U14 Tak\u0131m\u0131m\u0131z, Elit U14 Ligi\u2019nin 9. hafta ma\u00e7\u0131nda Bal\u0131kesirspor ile Derea\u011fz\u0131 Lefter K\u00fc\u00e7\u00fckandonyadis Tesisleri\u2019nde kar\u015f\u0131la\u015ft\u0131. Tak\u0131m\u0131m\u0131z, Ayd\u0131n Deniz K\u0131l\u0131\u00e7\u00e7eken\u2019in ikinci yar\u0131n\u0131n ba\u015f\u0131nda ard arda buldu\u011fu gollerle 3-0 \u00f6ne ge\u00e7erken; 53. dakikada Ahmet Necat Ayd\u0131n ve 60. dakikada Mahir Oral\u2019\u0131n kaydetti\u011fi gollerle kar\u015f\u0131la\u015fmadan 5-0 galip ayr\u0131ld\u0131. 14 Ya\u015f Alt\u0131 Tak\u0131m\u0131m\u0131z, elde etti\u011fi galibiyet ile puan\u0131n\u013112&#8217;ye y\u00fckseltmeyi ba\u015fard\u0131.<\/p>\n<p><strong>U15:<\/strong> Fenerbah\u00e7e 4-2 Bal\u0131kesirspor Baltok<\/p>\n<p>Fenerbah\u00e7e 15 Ya\u015f Alt\u0131 Futbol Tak\u0131m\u0131m\u0131z, 9. hafta ma\u00e7\u0131nda evinde a\u011f\u0131rlad\u0131\u011f\u0131 Bal\u0131kesirspor\u2019u Yusuf Kocat\u00fcrk, Melih Bostan, Erkan Arda \u00c7a\u011fda\u015f ve Yunus Emre Kantar\u2019\u0131n golleriyle 4-2 ma\u011flup etti. U15 Tak\u0131m\u0131m\u0131z ald\u0131\u011f\u0131 galibiyetle birlikte puan\u0131n\u0131 16&#8217;ya y\u00fckseltti.<\/p>\n<p><strong>U16:<\/strong> Bal\u0131kesirspor Baltok 2-3 Fenerbah\u00e7e<\/p>\n<p>Fenerbah\u00e7e U14 Tak\u0131m\u0131m\u0131z, Elit U16 Ligi\u2019nin 9. haftas\u0131nda Bal\u0131kesirspor\u2019a konuk oldu. Sar\u0131 lacivertli ekibimiz, Muhammet \u00c7am\u00e7\u0131 ve Bora \u00c7uha\u2019n\u0131n golleriyle sahadan 3-2 galip ayr\u0131ld\u0131. Tak\u0131m\u0131m\u0131z bu sonu\u00e7la ligdeki puan\u0131n\u0131 19&#8217;a \u00e7\u0131karmay\u0131 ba\u015fard\u0131.<\/p>\n","protected":false},"excerpt":{"rendered":"<p>Fenerbah\u00e7e 14, 15 ve 16 Ya\u015f Alt\u0131 Futbol Tak\u0131mlar\u0131m\u0131z galibiyetiyle tamamlanan m\u00fcsabaka sonu\u00e7lar\u0131 \u015fu \u015fekilde: U14: Fenerbah\u00e7e 5-0 Bal\u0131kesirspor Baltok Fenerbah\u00e7e U14 Tak\u0131m\u0131m\u0131z, Elit U14 Ligi\u2019nin 9. hafta ma\u00e7\u0131nda Bal\u0131kesirspor ile Derea\u011fz\u0131 Lefter K\u00fc\u00e7\u00fckandonyadis Tesisleri\u2019nde kar\u015f\u0131la\u015ft\u0131. Tak\u0131m\u0131m\u0131z, Ayd\u0131n Deniz K\u0131l\u0131\u00e7\u00e7eken\u2019in ikinci yar\u0131n\u0131n ba\u015f\u0131nda ard arda buldu\u011fu gollerle 3-0 \u00f6ne ge\u00e7erken; 53. dakikada Ahmet Necat Ayd\u0131n [&hellip;]<\/p>\n","protected":false},"author":1,"featured_media":2860,"comment_status":"closed","ping_status":"closed","sticky":false,"template":"","format":"standard","meta":{"jnews-multi-image_gallery":[],"jnews_single_post":{"override_template":"0","override":[{"template":"1","single_blog_custom":"","parallax":"1","fullscreen":"0","layout":"right-sidebar","sidebar":"default-sidebar","second_sidebar":"default-sidebar","sticky_sidebar":"1","share_position":"top","share_float_style":"share-monocrhome","show_share_counter":"1","show_view_counter":"1","show_featured":"1","show_post_meta":"1","show_post_author":"1","show_post_author_image":"1","show_post_date":"1","post_date_format":"default","post_date_format_custom":"Y\/m\/d","show_post_category":"1","show_post_tag":"1","show_prev_next_post":"1","show_popup_post":"1","number_popup_post":"1","show_author_box":"0","show_post_related":"1","show_inline_post_related":"0"}],"override_image_size":"0","image_override":[{"single_post_thumbnail_size":"crop-500","single_post_gallery_size":"crop-500"}],"trending_post":"0","trending_post_position":"meta","trending_post_label":"Trending"},"jnews_primary_category":{"id":"4"},"jnews_social_meta":{"fb_title":"","fb_description":"","fb_image":"","twitter_title":"","twitter_description":"","twitter_image":""},"jnews_override_counter":{"override_view_counter":"0","view_counter_number":"0","override_share_counter":"0","share_counter_number":"0","override_like_counter":"0","like_counter_number":"0","override_dislike_counter":"0","dislike_counter_number":"0"},"footnotes":""},"categories":[4,17,2],"tags":[36,54],"class_list":["post-2859","post","type-post","status-publish","format-standard","has-post-thumbnail","hentry","category-futbol","category-futbol-altyapi","category-haberler","tag-altyapi","tag-futbol"],"amp_enabled":true,"_links":{"self":[{"href":"https:\/\/www.fener.org\/index.php\/wp-json\/wp\/v2\/posts\/2859","targetHints":{"allow":["GET"]}}],"collection":[{"href":"https:\/\/www.fener.org\/index.php\/wp-json\/wp\/v2\/posts"}],"about":[{"href":"https:\/\/www.fener.org\/index.php\/wp-json\/wp\/v2\/types\/post"}],"author":[{"embeddable":true,"href":"https:\/\/www.fener.org\/index.php\/wp-json\/wp\/v2\/users\/1"}],"replies":[{"embeddable":true,"href":"https:\/\/www.fener.org\/index.php\/wp-json\/wp\/v2\/comments?post=2859"}],"version-history":[{"count":1,"href":"https:\/\/www.fener.org\/index.php\/wp-json\/wp\/v2\/posts\/2859\/revisions"}],"predecessor-version":[{"id":2861,"href":"https:\/\/www.fener.org\/index.php\/wp-json\/wp\/v2\/posts\/2859\/revisions\/2861"}],"wp:featuredmedia":[{"embeddable":true,"href":"https:\/\/www.fener.org\/index.php\/wp-json\/wp\/v2\/media\/2860"}],"wp:attachment":[{"href":"https:\/\/www.fener.org\/index.php\/wp-json\/wp\/v2\/media?parent=2859"}],"wp:term":[{"taxonomy":"category","embeddable":true,"href":"https:\/\/www.fener.org\/index.php\/wp-json\/wp\/v2\/categories?post=2859"},{"taxonomy":"post_tag","embeddable":true,"href":"https:\/\/www.fener.org\/index.php\/wp-json\/wp\/v2\/tags?post=2859"}],"curies":[{"name":"wp","href":"https:\/\/api.w.org\/{rel}","templated":true}]}}