{"id":28553,"date":"2025-09-14T21:20:15","date_gmt":"2025-09-14T18:20:15","guid":{"rendered":"https:\/\/www.fener.org\/?p=28553"},"modified":"2025-09-14T21:20:19","modified_gmt":"2025-09-14T18:20:19","slug":"buse-naz-cakiroglu-dunya-ikincisi","status":"publish","type":"post","link":"https:\/\/www.fener.org\/index.php\/2025\/09\/14\/buse-naz-cakiroglu-dunya-ikincisi\/","title":{"rendered":"Buse Naz \u00c7ak\u0131ro\u011flu, D\u00fcnya ikincisi"},"content":{"rendered":"\n<p>Fenerbah\u00e7eli milli boks\u00f6r Buse Naz \u00c7ak\u0131ro\u011flu, \u0130ngiltere&#8217;nin Liverpool kentinde d\u00fczenlenen D\u00fcnya \u015eampiyonas\u0131\u2019nda g\u00fcm\u00fc\u015f madalya kazand\u0131.<\/p>\n\n\n\n<p>\u0130ngiltere&#8217;nin Liverpool \u015fehrindeki M&amp;S Bank Arena&#8217;da d\u00fczenlenen D\u00fcnya Boks \u015eampiyonas\u0131&#8217;nda kad\u0131nlar 51 kilo finalinde ringe \u00e7\u0131kan milli sporcumuz Buse Naz \u00c7ak\u0131ro\u011flu, Kazakistan&#8217;dan Alua Balkibekova\u2019ya ma\u011flup olarak D\u00fcnya ikincisi oldu.<\/p>\n\n\n\n<p>Daha \u00f6nce Olimpiyatlarda 2, Avrupa \u015fampiyonalar\u0131nda da 4 finali olan Buse Naz \u00c7ak\u0131ro\u011flu, b\u00fcy\u00fck organizasyonlardaki final say\u0131s\u0131n\u0131 da 10&#8217;a y\u00fckseltti.<\/p>\n\n\n\n<p>D\u00fcnya \u015eampiyonas\u0131\u2019nda milli tak\u0131m kafilesine en \u00e7ok sporcu g\u00f6ndererek T\u00fcrk boksunun mihenk ta\u015f\u0131 olan Fenerbah\u00e7emizde; milli sporcular \u015eeyma D\u00fczta\u015f ve B\u00fc\u015fra I\u015f\u0131ldar\u2019\u0131n ard\u0131ndan podyuma \u00e7\u0131kan \u00fc\u00e7\u00fcnc\u00fc boks\u00f6r Buse Naz \u00c7ak\u0131ro\u011flu oldu. B\u00f6ylece milli tak\u0131m\u0131m\u0131z\u0131n kazand\u0131\u011f\u0131 3 madalya da Fenerbah\u00e7eli boks\u00f6rlerden geldi.<\/p>\n","protected":false},"excerpt":{"rendered":"<p>Fenerbah\u00e7eli milli boks\u00f6r Buse Naz \u00c7ak\u0131ro\u011flu, \u0130ngiltere&#8217;nin Liverpool kentinde d\u00fczenlenen D\u00fcnya \u015eampiyonas\u0131\u2019nda g\u00fcm\u00fc\u015f madalya kazand\u0131. \u0130ngiltere&#8217;nin Liverpool \u015fehrindeki M&amp;S Bank Arena&#8217;da d\u00fczenlenen D\u00fcnya Boks \u015eampiyonas\u0131&#8217;nda kad\u0131nlar 51 kilo finalinde ringe \u00e7\u0131kan milli sporcumuz Buse Naz \u00c7ak\u0131ro\u011flu, Kazakistan&#8217;dan Alua Balkibekova\u2019ya ma\u011flup olarak D\u00fcnya ikincisi oldu. Daha \u00f6nce Olimpiyatlarda 2, Avrupa \u015fampiyonalar\u0131nda da 4 finali olan Buse [&hellip;]<\/p>\n","protected":false},"author":1,"featured_media":28554,"comment_status":"closed","ping_status":"closed","sticky":false,"template":"","format":"standard","meta":{"jnews-multi-image_gallery":[],"jnews_single_post":{"format":"standard","override":[{"template":"1","parallax":"1","fullscreen":"1","layout":"right-sidebar","sidebar":"mysidebar","second_sidebar":"default-sidebar","sticky_sidebar":"1","share_position":"float","share_float_style":"share-normal","show_share_counter":"1","show_view_counter":"1","show_featured":"1","show_post_meta":"1","show_post_author_image":"1","show_post_date":"1","post_date_format":"default","post_date_format_custom":"Y\/m\/d","show_post_reading_time":"0","post_reading_time_wpm":"300","post_calculate_word_method":"str_word_count","show_zoom_button":"0","zoom_button_out_step":"2","zoom_button_in_step":"3","show_prev_next_post":"1","number_popup_post":"3","show_author_box":"0","show_post_related":"0","show_inline_post_related":"0"}],"image_override":[{"single_post_thumbnail_size":"crop-500","single_post_gallery_size":"crop-500"}],"trending_post_position":"meta","trending_post_label":"Trending","sponsored_post_label":"Sponsored by","disable_ad":"0"},"jnews_primary_category":{"id":"15"},"jnews_social_meta":[],"jnews_override_counter":{"view_counter_number":"0","share_counter_number":"0","like_counter_number":"0","dislike_counter_number":"0"},"footnotes":""},"categories":[15,2],"tags":[34,23],"class_list":["post-28553","post","type-post","status-publish","format-standard","has-post-thumbnail","hentry","category-boks","category-haberler","tag-boks","tag-fenerbahce"],"amp_enabled":true,"_links":{"self":[{"href":"https:\/\/www.fener.org\/index.php\/wp-json\/wp\/v2\/posts\/28553","targetHints":{"allow":["GET"]}}],"collection":[{"href":"https:\/\/www.fener.org\/index.php\/wp-json\/wp\/v2\/posts"}],"about":[{"href":"https:\/\/www.fener.org\/index.php\/wp-json\/wp\/v2\/types\/post"}],"author":[{"embeddable":true,"href":"https:\/\/www.fener.org\/index.php\/wp-json\/wp\/v2\/users\/1"}],"replies":[{"embeddable":true,"href":"https:\/\/www.fener.org\/index.php\/wp-json\/wp\/v2\/comments?post=28553"}],"version-history":[{"count":1,"href":"https:\/\/www.fener.org\/index.php\/wp-json\/wp\/v2\/posts\/28553\/revisions"}],"predecessor-version":[{"id":28555,"href":"https:\/\/www.fener.org\/index.php\/wp-json\/wp\/v2\/posts\/28553\/revisions\/28555"}],"wp:featuredmedia":[{"embeddable":true,"href":"https:\/\/www.fener.org\/index.php\/wp-json\/wp\/v2\/media\/28554"}],"wp:attachment":[{"href":"https:\/\/www.fener.org\/index.php\/wp-json\/wp\/v2\/media?parent=28553"}],"wp:term":[{"taxonomy":"category","embeddable":true,"href":"https:\/\/www.fener.org\/index.php\/wp-json\/wp\/v2\/categories?post=28553"},{"taxonomy":"post_tag","embeddable":true,"href":"https:\/\/www.fener.org\/index.php\/wp-json\/wp\/v2\/tags?post=28553"}],"curies":[{"name":"wp","href":"https:\/\/api.w.org\/{rel}","templated":true}]}}