{"id":28515,"date":"2025-09-07T20:22:53","date_gmt":"2025-09-07T17:22:53","guid":{"rendered":"https:\/\/www.fener.org\/?p=28515"},"modified":"2025-09-07T20:22:57","modified_gmt":"2025-09-07T17:22:57","slug":"fenerbahceli-milli-kurekcimiz-halil-kaan-koroglu-u23-avrupa-sampiyonu","status":"publish","type":"post","link":"https:\/\/www.fener.org\/index.php\/2025\/09\/07\/fenerbahceli-milli-kurekcimiz-halil-kaan-koroglu-u23-avrupa-sampiyonu\/","title":{"rendered":"Fenerbah\u00e7eli milli k\u00fcrek\u00e7imiz Halil Kaan K\u00f6ro\u011flu, U23 Avrupa \u015eampiyonu"},"content":{"rendered":"\n<p>T\u00fcrk k\u00fcre\u011finin lokomotifi Fenerbah\u00e7emiz, ulusal ba\u015far\u0131lar\u0131n\u0131 uluslararas\u0131 derecelerle ta\u00e7land\u0131rmaya devam ediyor. \u00c7ekya&#8217;n\u0131n Racice kentinde d\u00fczenlenen 2025 Avrupa 23 Ya\u015f Alt\u0131 K\u00fcrek \u015eampiyonas\u0131\u2019nda mill\u00ee forma ile m\u00fccadele eden Fenerbah\u00e7e K\u00fcrek \u015eubemiz sporcular\u0131 Avrupa\u2019n\u0131n zirvesinde yer ald\u0131.<\/p>\n\n\n\n<p>\u015eampiyonada hafif kilo erkekler tek \u00e7ifte kategorisinde yar\u0131\u015fan k\u00fcrek\u00e7imiz Halil Kaan K\u00f6ro\u011flu, 07:02.39\u2019luk derecesiyle Avrupa \u015eampiyonu oldu ve alt\u0131n madalyaya uzand\u0131. Organizasyonda madalya m\u00fccadelesi veren bir di\u011fer Fenerbah\u00e7eli milli k\u00fcrek\u00e7imiz Aytimur Sel\u00e7uk ise erkekler iki tek kategorisinde g\u00fcm\u00fc\u015f madalya kazanarak Avrupa ikincisi oldu.<\/p>\n","protected":false},"excerpt":{"rendered":"<p>T\u00fcrk k\u00fcre\u011finin lokomotifi Fenerbah\u00e7emiz, ulusal ba\u015far\u0131lar\u0131n\u0131 uluslararas\u0131 derecelerle ta\u00e7land\u0131rmaya devam ediyor. \u00c7ekya&#8217;n\u0131n Racice kentinde d\u00fczenlenen 2025 Avrupa 23 Ya\u015f Alt\u0131 K\u00fcrek \u015eampiyonas\u0131\u2019nda mill\u00ee forma ile m\u00fccadele eden Fenerbah\u00e7e K\u00fcrek \u015eubemiz sporcular\u0131 Avrupa\u2019n\u0131n zirvesinde yer ald\u0131. \u015eampiyonada hafif kilo erkekler tek \u00e7ifte kategorisinde yar\u0131\u015fan k\u00fcrek\u00e7imiz Halil Kaan K\u00f6ro\u011flu, 07:02.39\u2019luk derecesiyle Avrupa \u015eampiyonu oldu ve alt\u0131n madalyaya [&hellip;]<\/p>\n","protected":false},"author":1,"featured_media":28516,"comment_status":"closed","ping_status":"closed","sticky":false,"template":"","format":"standard","meta":{"jnews-multi-image_gallery":[],"jnews_single_post":{"format":"standard","override":[{"template":"1","parallax":"1","fullscreen":"1","layout":"right-sidebar","sidebar":"mysidebar","second_sidebar":"default-sidebar","sticky_sidebar":"1","share_position":"float","share_float_style":"share-normal","show_share_counter":"1","show_view_counter":"1","show_featured":"1","show_post_meta":"1","show_post_author_image":"1","show_post_date":"1","post_date_format":"default","post_date_format_custom":"Y\/m\/d","show_post_reading_time":"0","post_reading_time_wpm":"300","post_calculate_word_method":"str_word_count","show_zoom_button":"0","zoom_button_out_step":"2","zoom_button_in_step":"3","show_prev_next_post":"1","number_popup_post":"3","show_author_box":"0","show_post_related":"0","show_inline_post_related":"0"}],"image_override":[{"single_post_thumbnail_size":"crop-500","single_post_gallery_size":"crop-500"}],"trending_post_position":"meta","trending_post_label":"Trending","sponsored_post_label":"Sponsored by","disable_ad":"0"},"jnews_primary_category":{"id":"11"},"jnews_social_meta":[],"jnews_override_counter":{"view_counter_number":"0","share_counter_number":"0","like_counter_number":"0","dislike_counter_number":"0"},"footnotes":""},"categories":[2,11],"tags":[23,30],"class_list":["post-28515","post","type-post","status-publish","format-standard","has-post-thumbnail","hentry","category-haberler","category-kurek","tag-fenerbahce","tag-kurek"],"amp_enabled":true,"_links":{"self":[{"href":"https:\/\/www.fener.org\/index.php\/wp-json\/wp\/v2\/posts\/28515","targetHints":{"allow":["GET"]}}],"collection":[{"href":"https:\/\/www.fener.org\/index.php\/wp-json\/wp\/v2\/posts"}],"about":[{"href":"https:\/\/www.fener.org\/index.php\/wp-json\/wp\/v2\/types\/post"}],"author":[{"embeddable":true,"href":"https:\/\/www.fener.org\/index.php\/wp-json\/wp\/v2\/users\/1"}],"replies":[{"embeddable":true,"href":"https:\/\/www.fener.org\/index.php\/wp-json\/wp\/v2\/comments?post=28515"}],"version-history":[{"count":1,"href":"https:\/\/www.fener.org\/index.php\/wp-json\/wp\/v2\/posts\/28515\/revisions"}],"predecessor-version":[{"id":28517,"href":"https:\/\/www.fener.org\/index.php\/wp-json\/wp\/v2\/posts\/28515\/revisions\/28517"}],"wp:featuredmedia":[{"embeddable":true,"href":"https:\/\/www.fener.org\/index.php\/wp-json\/wp\/v2\/media\/28516"}],"wp:attachment":[{"href":"https:\/\/www.fener.org\/index.php\/wp-json\/wp\/v2\/media?parent=28515"}],"wp:term":[{"taxonomy":"category","embeddable":true,"href":"https:\/\/www.fener.org\/index.php\/wp-json\/wp\/v2\/categories?post=28515"},{"taxonomy":"post_tag","embeddable":true,"href":"https:\/\/www.fener.org\/index.php\/wp-json\/wp\/v2\/tags?post=28515"}],"curies":[{"name":"wp","href":"https:\/\/api.w.org\/{rel}","templated":true}]}}