{"id":2851,"date":"2018-11-04T01:45:36","date_gmt":"2018-11-03T22:45:36","guid":{"rendered":"https:\/\/www.fener.org\/?p=2851"},"modified":"2018-11-04T01:45:36","modified_gmt":"2018-11-03T22:45:36","slug":"basaksehir-besiktas-macinda-koray-sener-unutulmadi","status":"publish","type":"post","link":"https:\/\/www.fener.org\/index.php\/2018\/11\/04\/basaksehir-besiktas-macinda-koray-sener-unutulmadi\/","title":{"rendered":"Ba\u015fak\u015fehir-Be\u015fikta\u015f ma\u00e7\u0131nda Koray \u015eener unutulmad\u0131"},"content":{"rendered":"<p>Spor Toto S\u00fcper Lig&#8217;in 11. hafta m\u00fccadelesinde T\u00fcrk Telekom Stadyumu&#8217;nda oynanan Galatasaray-Fenerbah\u00e7e kar\u015f\u0131la\u015fmas\u0131n\u0131n ilk yar\u0131s\u0131nda fenala\u015farak hastaneye kald\u0131r\u0131lan ancak kurtar\u0131lamayan Fenerbah\u00e7e taraftar\u0131 Koray \u015eener&#8217;i Be\u015fikta\u015f taraftar\u0131 unutmad\u0131.<\/p>\n<p>Ba\u015fak\u015fehir-Be\u015fikta\u015f kar\u015f\u0131la\u015fmas\u0131 \u00f6ncesinde kendilerine ayr\u0131lan trib\u00fcn\u00fcn tamam\u0131n\u0131 dolduran siyah-beyazl\u0131lar, ma\u00e7tan \u00f6nce &#8220;Koray \u015eener \u00f6lmedi, kalbimizde ya\u015f\u0131yor&#8221; tezah\u00fcrat\u0131 yapt\u0131.<\/p>\n","protected":false},"excerpt":{"rendered":"<p>Spor Toto S\u00fcper Lig&#8217;in 11. hafta m\u00fccadelesinde T\u00fcrk Telekom Stadyumu&#8217;nda oynanan Galatasaray-Fenerbah\u00e7e kar\u015f\u0131la\u015fmas\u0131n\u0131n ilk yar\u0131s\u0131nda fenala\u015farak hastaneye kald\u0131r\u0131lan ancak kurtar\u0131lamayan Fenerbah\u00e7e taraftar\u0131 Koray \u015eener&#8217;i Be\u015fikta\u015f taraftar\u0131 unutmad\u0131. Ba\u015fak\u015fehir-Be\u015fikta\u015f kar\u015f\u0131la\u015fmas\u0131 \u00f6ncesinde kendilerine ayr\u0131lan trib\u00fcn\u00fcn tamam\u0131n\u0131 dolduran siyah-beyazl\u0131lar, ma\u00e7tan \u00f6nce &#8220;Koray \u015eener \u00f6lmedi, kalbimizde ya\u015f\u0131yor&#8221; tezah\u00fcrat\u0131 yapt\u0131.<\/p>\n","protected":false},"author":1,"featured_media":2852,"comment_status":"closed","ping_status":"closed","sticky":false,"template":"","format":"standard","meta":{"jnews-multi-image_gallery":[],"jnews_single_post":{"override_template":"0","override":[{"template":"1","single_blog_custom":"","parallax":"1","fullscreen":"0","layout":"right-sidebar","sidebar":"default-sidebar","second_sidebar":"default-sidebar","sticky_sidebar":"1","share_position":"top","share_float_style":"share-monocrhome","show_share_counter":"1","show_view_counter":"1","show_featured":"1","show_post_meta":"1","show_post_author":"1","show_post_author_image":"1","show_post_date":"1","post_date_format":"default","post_date_format_custom":"Y\/m\/d","show_post_category":"1","show_post_tag":"1","show_prev_next_post":"1","show_popup_post":"1","number_popup_post":"1","show_author_box":"0","show_post_related":"1","show_inline_post_related":"0"}],"override_image_size":"0","image_override":[{"single_post_thumbnail_size":"crop-500","single_post_gallery_size":"crop-500"}],"trending_post":"0","trending_post_position":"meta","trending_post_label":"Trending"},"jnews_primary_category":{"id":"4"},"jnews_social_meta":{"fb_title":"","fb_description":"","fb_image":"","twitter_title":"","twitter_description":"","twitter_image":""},"jnews_override_counter":{"override_view_counter":"0","view_counter_number":"0","override_share_counter":"0","share_counter_number":"0","override_like_counter":"0","like_counter_number":"0","override_dislike_counter":"0","dislike_counter_number":"0"},"footnotes":""},"categories":[4,2],"tags":[54],"class_list":["post-2851","post","type-post","status-publish","format-standard","has-post-thumbnail","hentry","category-futbol","category-haberler","tag-futbol"],"amp_enabled":true,"_links":{"self":[{"href":"https:\/\/www.fener.org\/index.php\/wp-json\/wp\/v2\/posts\/2851","targetHints":{"allow":["GET"]}}],"collection":[{"href":"https:\/\/www.fener.org\/index.php\/wp-json\/wp\/v2\/posts"}],"about":[{"href":"https:\/\/www.fener.org\/index.php\/wp-json\/wp\/v2\/types\/post"}],"author":[{"embeddable":true,"href":"https:\/\/www.fener.org\/index.php\/wp-json\/wp\/v2\/users\/1"}],"replies":[{"embeddable":true,"href":"https:\/\/www.fener.org\/index.php\/wp-json\/wp\/v2\/comments?post=2851"}],"version-history":[{"count":2,"href":"https:\/\/www.fener.org\/index.php\/wp-json\/wp\/v2\/posts\/2851\/revisions"}],"predecessor-version":[{"id":2854,"href":"https:\/\/www.fener.org\/index.php\/wp-json\/wp\/v2\/posts\/2851\/revisions\/2854"}],"wp:featuredmedia":[{"embeddable":true,"href":"https:\/\/www.fener.org\/index.php\/wp-json\/wp\/v2\/media\/2852"}],"wp:attachment":[{"href":"https:\/\/www.fener.org\/index.php\/wp-json\/wp\/v2\/media?parent=2851"}],"wp:term":[{"taxonomy":"category","embeddable":true,"href":"https:\/\/www.fener.org\/index.php\/wp-json\/wp\/v2\/categories?post=2851"},{"taxonomy":"post_tag","embeddable":true,"href":"https:\/\/www.fener.org\/index.php\/wp-json\/wp\/v2\/tags?post=2851"}],"curies":[{"name":"wp","href":"https:\/\/api.w.org\/{rel}","templated":true}]}}