{"id":28482,"date":"2025-09-01T16:58:28","date_gmt":"2025-09-01T13:58:28","guid":{"rendered":"https:\/\/www.fener.org\/?p=28482"},"modified":"2025-09-01T16:58:34","modified_gmt":"2025-09-01T13:58:34","slug":"u20-atletizm-liginde-sampiyon-fenerbahce","status":"publish","type":"post","link":"https:\/\/www.fener.org\/index.php\/2025\/09\/01\/u20-atletizm-liginde-sampiyon-fenerbahce\/","title":{"rendered":"U20 Atletizm Ligi\u2019nde \u015fampiyon Fenerbah\u00e7e"},"content":{"rendered":"\n<p>T\u00fcrkiye U20 Atletizm Ligi\u2019nde Fenerbah\u00e7emiz hem kad\u0131nlarda hem de erkeklerde \u015fampiyon oldu.<\/p>\n\n\n\n<p>\u0130zmir Atat\u00fcrk Stadyumu\u2019nda 30-31 A\u011fustos tarihlerinde kad\u0131nlar ve erkeklerde 8\u2019er kul\u00fcb\u00fcn m\u00fccadele etti\u011fi U20 Kul\u00fcpler T\u00fcrkiye \u015eampiyonas\u0131 tamamland\u0131.<\/p>\n\n\n\n<p>M\u00fcsabakalar\u0131 yerinde izleyen Amat\u00f6r \u015eubeler Koordinat\u00f6r\u00fcm\u00fcz Fikret \u00c7etinkaya, Atletizm \u015eube Sorumlumuz \u0130hsan \u00d6zden ve Teknik Menajerimiz Hakan Beceren, sporcular\u0131m\u0131za ve antren\u00f6rlerimize destek oldu.<\/p>\n\n\n\n<p>Kad\u0131nlarda 141 puan toplayan Fenerbah\u00e7emiz, 137 puanl\u0131 ENKA Spor Kul\u00fcb\u00fc\u2019n\u00fcn \u00f6n\u00fcnde birincili\u011fi al\u0131rken; \u0130stanbul B\u00fcy\u00fck\u015fehir Belediye Spor Kul\u00fcb\u00fc ise \u00fc\u00e7\u00fcnc\u00fc oldu.<\/p>\n\n\n\n<p>Erkeklerde ise Fenerbah\u00e7emiz 162 puan toplad\u0131 ve \u015fampiyonluk ipini g\u00f6\u011f\u00fcsledi. ENKA Spor Kul\u00fcb\u00fc 147,5 puanla ikinci, Galatasaray ise 129 puanla \u00fc\u00e7\u00fcnc\u00fcl\u00fck elde etti.<\/p>\n","protected":false},"excerpt":{"rendered":"<p>T\u00fcrkiye U20 Atletizm Ligi\u2019nde Fenerbah\u00e7emiz hem kad\u0131nlarda hem de erkeklerde \u015fampiyon oldu. \u0130zmir Atat\u00fcrk Stadyumu\u2019nda 30-31 A\u011fustos tarihlerinde kad\u0131nlar ve erkeklerde 8\u2019er kul\u00fcb\u00fcn m\u00fccadele etti\u011fi U20 Kul\u00fcpler T\u00fcrkiye \u015eampiyonas\u0131 tamamland\u0131. M\u00fcsabakalar\u0131 yerinde izleyen Amat\u00f6r \u015eubeler Koordinat\u00f6r\u00fcm\u00fcz Fikret \u00c7etinkaya, Atletizm \u015eube Sorumlumuz \u0130hsan \u00d6zden ve Teknik Menajerimiz Hakan Beceren, sporcular\u0131m\u0131za ve antren\u00f6rlerimize destek oldu. Kad\u0131nlarda 141 [&hellip;]<\/p>\n","protected":false},"author":1,"featured_media":28483,"comment_status":"closed","ping_status":"closed","sticky":false,"template":"","format":"standard","meta":{"jnews-multi-image_gallery":[],"jnews_single_post":{"format":"standard","override":[{"template":"1","parallax":"1","fullscreen":"1","layout":"right-sidebar","sidebar":"mysidebar","second_sidebar":"default-sidebar","sticky_sidebar":"1","share_position":"float","share_float_style":"share-normal","show_share_counter":"1","show_view_counter":"1","show_featured":"1","show_post_meta":"1","show_post_author_image":"1","show_post_date":"1","post_date_format":"default","post_date_format_custom":"Y\/m\/d","show_post_reading_time":"0","post_reading_time_wpm":"300","post_calculate_word_method":"str_word_count","show_zoom_button":"0","zoom_button_out_step":"2","zoom_button_in_step":"3","show_prev_next_post":"1","number_popup_post":"3","show_author_box":"0","show_post_related":"0","show_inline_post_related":"0"}],"image_override":[{"single_post_thumbnail_size":"crop-500","single_post_gallery_size":"crop-500"}],"trending_post_position":"meta","trending_post_label":"Trending","sponsored_post_label":"Sponsored by","disable_ad":"0"},"jnews_primary_category":{"id":"13"},"jnews_social_meta":[],"jnews_override_counter":{"view_counter_number":"0","share_counter_number":"0","like_counter_number":"0","dislike_counter_number":"0"},"footnotes":""},"categories":[13,2],"tags":[32,23],"class_list":["post-28482","post","type-post","status-publish","format-standard","has-post-thumbnail","hentry","category-atletizm","category-haberler","tag-atletizm","tag-fenerbahce"],"amp_enabled":true,"_links":{"self":[{"href":"https:\/\/www.fener.org\/index.php\/wp-json\/wp\/v2\/posts\/28482","targetHints":{"allow":["GET"]}}],"collection":[{"href":"https:\/\/www.fener.org\/index.php\/wp-json\/wp\/v2\/posts"}],"about":[{"href":"https:\/\/www.fener.org\/index.php\/wp-json\/wp\/v2\/types\/post"}],"author":[{"embeddable":true,"href":"https:\/\/www.fener.org\/index.php\/wp-json\/wp\/v2\/users\/1"}],"replies":[{"embeddable":true,"href":"https:\/\/www.fener.org\/index.php\/wp-json\/wp\/v2\/comments?post=28482"}],"version-history":[{"count":1,"href":"https:\/\/www.fener.org\/index.php\/wp-json\/wp\/v2\/posts\/28482\/revisions"}],"predecessor-version":[{"id":28484,"href":"https:\/\/www.fener.org\/index.php\/wp-json\/wp\/v2\/posts\/28482\/revisions\/28484"}],"wp:featuredmedia":[{"embeddable":true,"href":"https:\/\/www.fener.org\/index.php\/wp-json\/wp\/v2\/media\/28483"}],"wp:attachment":[{"href":"https:\/\/www.fener.org\/index.php\/wp-json\/wp\/v2\/media?parent=28482"}],"wp:term":[{"taxonomy":"category","embeddable":true,"href":"https:\/\/www.fener.org\/index.php\/wp-json\/wp\/v2\/categories?post=28482"},{"taxonomy":"post_tag","embeddable":true,"href":"https:\/\/www.fener.org\/index.php\/wp-json\/wp\/v2\/tags?post=28482"}],"curies":[{"name":"wp","href":"https:\/\/api.w.org\/{rel}","templated":true}]}}