{"id":28444,"date":"2025-08-25T12:55:00","date_gmt":"2025-08-25T09:55:00","guid":{"rendered":"https:\/\/www.fener.org\/?p=28444"},"modified":"2025-08-26T07:06:43","modified_gmt":"2025-08-26T04:06:43","slug":"atletlerimiz-u23-buyukler-turkiye-sampiyonasinda-zirvede-yer-aldi","status":"publish","type":"post","link":"https:\/\/www.fener.org\/index.php\/2025\/08\/25\/atletlerimiz-u23-buyukler-turkiye-sampiyonasinda-zirvede-yer-aldi\/","title":{"rendered":"Atletlerimiz, U23-B\u00fcy\u00fckler T\u00fcrkiye \u015eampiyonas\u0131\u2019nda zirvede yer ald\u0131"},"content":{"rendered":"\n<p>Atletizmde U23-B\u00fcy\u00fckler T\u00fcrkiye \u015eampiyonas\u0131, 22-24 A\u011fustos tarihleri aras\u0131nda \u0130zmir\u2019de ger\u00e7ekle\u015ftirildi.<br>\u00a0<br><strong>Atletlerimizin elde ettikleri sonu\u00e7lar \u015fu \u015fekilde:<\/strong><br>\u00a0<br>G\u00fclle atmada Ali Peker, cirit atmada Muhammed Hanifi Zengin, 800 metrede \u00d6mer Faruk Bozda\u011f, g\u00fclle atmada P\u0131nar Akyol, cirit atmada da Esra T\u00fcrkmen hem b\u00fcy\u00fcklerde hem de U23\u2019te birincilik elde etti. \u00dc\u00e7 ad\u0131m atlamada Kadriye Dilek Durmu\u015f b\u00fcy\u00fcklerde 2. U23\u2019te ilk s\u0131ray\u0131 al\u0131rken, 100 metre engellide de Elif Ilgaz hem b\u00fcy\u00fcklerde hem de U23\u2019te ikinci oldu.<br>\u00a0<br>Uzun atlamada Yasemin Zehra B\u00f6rek\u00e7i 1.,<br>Y\u00fcksek atlamada \u00d6zg\u00fc \u00c7olak 1.,<br>Disk atmada \u00d6zlem Becerek 1.,<br>100 metrede H\u00fcseyin Mutlu Korkmaz 1.,<br>Y\u00fcksek atlamada Yasir Kuduban 1., Emir Y\u0131lmaz 3.,<br>U23 1500 metrede Dilek Ko\u00e7ak 1.,<br>1500 metre kad\u0131nlarda \u015eilenay Y\u0131ld\u0131z 1., Dilek Ko\u00e7ak 2.<br>3000 metre engellide S\u00fcmeyye Erol 1., Derya K\u0131l\u0131\u00e7 3.<br>\u00c7eki\u00e7 atmada Deniz Sivridemir 1.<br>800 metrede \u015eilan Aky\u0131ld\u0131z 1., Dilek Ko\u00e7ak 2.<br>U23 800 metrede Dilek Ko\u00e7ak 1.,<br>1500 metrede Salih Teks\u00f6z 2., Azad \u00d6zkan 3. (U23\u2019te de 3.)<br>400 metrede \u0130lyas \u00c7anak\u00e7\u0131 2.,<br>Cirit atmada H\u00fcseyin \u00d6zdemir 2., Eda Tu\u011fsuz 2.,<br>\u00c7eki\u00e7 atmada \u00d6zkan Baltac\u0131 2.,<br>Uzun atlamada Yusuf \u015een\u00f6deyici 3.,<br>200 metrede O\u011fuz Uyar 2., Toprak Ege \u00d6zdemir 3.,<br>400 metre engellide Mustafa \u00c7inpolat 3.,<br>5000 metrede Abdullah Tu\u011fluk 2. K\u0131yasettin Kara 3.,<br>100 metre kad\u0131nlarda Mizgin Ay 3.,<br>400 metre engellide G\u00fcl\u015fah Cebeci 1., Berfin Babat 2., \u0130lkim Alt\u0131nbulak 3.,<br>5000 metrede S\u00fcmeyye Erol 3.<\/p>\n","protected":false},"excerpt":{"rendered":"<p>Atletizmde U23-B\u00fcy\u00fckler T\u00fcrkiye \u015eampiyonas\u0131, 22-24 A\u011fustos tarihleri aras\u0131nda \u0130zmir\u2019de ger\u00e7ekle\u015ftirildi.\u00a0Atletlerimizin elde ettikleri sonu\u00e7lar \u015fu \u015fekilde:\u00a0G\u00fclle atmada Ali Peker, cirit atmada Muhammed Hanifi Zengin, 800 metrede \u00d6mer Faruk Bozda\u011f, g\u00fclle atmada P\u0131nar Akyol, cirit atmada da Esra T\u00fcrkmen hem b\u00fcy\u00fcklerde hem de U23\u2019te birincilik elde etti. \u00dc\u00e7 ad\u0131m atlamada Kadriye Dilek Durmu\u015f b\u00fcy\u00fcklerde 2. U23\u2019te ilk [&hellip;]<\/p>\n","protected":false},"author":1,"featured_media":1279,"comment_status":"closed","ping_status":"closed","sticky":false,"template":"","format":"standard","meta":{"jnews-multi-image_gallery":[],"jnews_single_post":{"format":"standard","override":[{"template":"1","parallax":"1","fullscreen":"1","layout":"right-sidebar","sidebar":"mysidebar","second_sidebar":"default-sidebar","sticky_sidebar":"1","share_position":"float","share_float_style":"share-normal","show_share_counter":"1","show_view_counter":"1","show_featured":"1","show_post_meta":"1","show_post_author_image":"1","show_post_date":"1","post_date_format":"default","post_date_format_custom":"Y\/m\/d","show_post_reading_time":"0","post_reading_time_wpm":"300","post_calculate_word_method":"str_word_count","show_zoom_button":"0","zoom_button_out_step":"2","zoom_button_in_step":"3","show_prev_next_post":"1","number_popup_post":"3","show_author_box":"0","show_post_related":"0","show_inline_post_related":"0"}],"image_override":[{"single_post_thumbnail_size":"crop-500","single_post_gallery_size":"crop-500"}],"trending_post_position":"meta","trending_post_label":"Trending","sponsored_post_label":"Sponsored by","disable_ad":"0"},"jnews_primary_category":{"id":"13"},"jnews_social_meta":[],"jnews_override_counter":{"view_counter_number":"0","share_counter_number":"0","like_counter_number":"0","dislike_counter_number":"0"},"footnotes":""},"categories":[13,2],"tags":[32,23],"class_list":["post-28444","post","type-post","status-publish","format-standard","has-post-thumbnail","hentry","category-atletizm","category-haberler","tag-atletizm","tag-fenerbahce"],"amp_enabled":true,"_links":{"self":[{"href":"https:\/\/www.fener.org\/index.php\/wp-json\/wp\/v2\/posts\/28444","targetHints":{"allow":["GET"]}}],"collection":[{"href":"https:\/\/www.fener.org\/index.php\/wp-json\/wp\/v2\/posts"}],"about":[{"href":"https:\/\/www.fener.org\/index.php\/wp-json\/wp\/v2\/types\/post"}],"author":[{"embeddable":true,"href":"https:\/\/www.fener.org\/index.php\/wp-json\/wp\/v2\/users\/1"}],"replies":[{"embeddable":true,"href":"https:\/\/www.fener.org\/index.php\/wp-json\/wp\/v2\/comments?post=28444"}],"version-history":[{"count":1,"href":"https:\/\/www.fener.org\/index.php\/wp-json\/wp\/v2\/posts\/28444\/revisions"}],"predecessor-version":[{"id":28445,"href":"https:\/\/www.fener.org\/index.php\/wp-json\/wp\/v2\/posts\/28444\/revisions\/28445"}],"wp:featuredmedia":[{"embeddable":true,"href":"https:\/\/www.fener.org\/index.php\/wp-json\/wp\/v2\/media\/1279"}],"wp:attachment":[{"href":"https:\/\/www.fener.org\/index.php\/wp-json\/wp\/v2\/media?parent=28444"}],"wp:term":[{"taxonomy":"category","embeddable":true,"href":"https:\/\/www.fener.org\/index.php\/wp-json\/wp\/v2\/categories?post=28444"},{"taxonomy":"post_tag","embeddable":true,"href":"https:\/\/www.fener.org\/index.php\/wp-json\/wp\/v2\/tags?post=28444"}],"curies":[{"name":"wp","href":"https:\/\/api.w.org\/{rel}","templated":true}]}}