{"id":28421,"date":"2025-08-22T14:29:46","date_gmt":"2025-08-22T11:29:46","guid":{"rendered":"https:\/\/www.fener.org\/?p=28421"},"modified":"2025-08-22T14:29:50","modified_gmt":"2025-08-22T11:29:50","slug":"yuzucumuz-kuzey-tuncelli-dunya-gencler-sampiyonu","status":"publish","type":"post","link":"https:\/\/www.fener.org\/index.php\/2025\/08\/22\/yuzucumuz-kuzey-tuncelli-dunya-gencler-sampiyonu\/","title":{"rendered":"Y\u00fcz\u00fcc\u00fcm\u00fcz Kuzey Tun\u00e7elli D\u00fcnya Gen\u00e7ler \u015eampiyonu"},"content":{"rendered":"\n<p>Fenerbah\u00e7e Y\u00fczme \u015eubemizin rekortmen sporcusu Kuzey Tun\u00e7elli, \u00fclkemizi gururland\u0131ran b\u00fcy\u00fck bir ba\u015far\u0131ya imza att\u0131.<\/p>\n\n\n\n<p>Olimpik sporcumuz Kuzey Tun\u00e7elli, Romanya&#8217;n\u0131n Otopeni kentinde d\u00fczenlenen D\u00fcnya Gen\u00e7ler Y\u00fczme \u015eampiyonas\u0131\u2019nda 800 metre serbest m\u00fcsabakas\u0131ndaki 7:46.52\u2019lik derecesi ile ikinci kez D\u00fcnya Gen\u00e7ler \u015eampiyonu oldu.<\/p>\n\n\n\n<p>Kuzey Tun\u00e7elli, 2023\u2019te \u0130srail\u2019de d\u00fczenlenen D\u00fcnya Gen\u00e7ler \u015eampiyonas\u0131\u2019nda 800 ve 1500 metre serbest stilde alt\u0131n madalyan\u0131n sahibi olmu\u015ftu. Kuzey \u00f6te yandan ge\u00e7ti\u011fimiz ay Slovakya\u2019da d\u00fczenlenen 2025 Avrupa Gen\u00e7ler Y\u00fczme \u015eampiyonas\u0131&#8217;nda 800 metre serbestte \u00fcst \u00fcste ikinci, 1500 metre serbestte de \u00fcst \u00fcste \u00fc\u00e7\u00fcnc\u00fc kez Gen\u00e7ler Avrupa \u015eampiyonu olmay\u0131 ba\u015farm\u0131\u015ft\u0131.<\/p>\n\n\n\n<p>Ayn\u0131 \u015fampiyonada kula\u00e7 atan bir di\u011fer y\u00fcz\u00fcc\u00fcm\u00fcz Yavuz \u00d6mer A\u011fa ise 100 metre kelebek finalinde elde etti\u011fi 53.01\u2019lik derecesi ile D\u00fcnya Gen\u00e7ler 7.si oldu.<\/p>\n","protected":false},"excerpt":{"rendered":"<p>Fenerbah\u00e7e Y\u00fczme \u015eubemizin rekortmen sporcusu Kuzey Tun\u00e7elli, \u00fclkemizi gururland\u0131ran b\u00fcy\u00fck bir ba\u015far\u0131ya imza att\u0131. Olimpik sporcumuz Kuzey Tun\u00e7elli, Romanya&#8217;n\u0131n Otopeni kentinde d\u00fczenlenen D\u00fcnya Gen\u00e7ler Y\u00fczme \u015eampiyonas\u0131\u2019nda 800 metre serbest m\u00fcsabakas\u0131ndaki 7:46.52\u2019lik derecesi ile ikinci kez D\u00fcnya Gen\u00e7ler \u015eampiyonu oldu. Kuzey Tun\u00e7elli, 2023\u2019te \u0130srail\u2019de d\u00fczenlenen D\u00fcnya Gen\u00e7ler \u015eampiyonas\u0131\u2019nda 800 ve 1500 metre serbest stilde alt\u0131n madalyan\u0131n [&hellip;]<\/p>\n","protected":false},"author":1,"featured_media":28198,"comment_status":"closed","ping_status":"closed","sticky":false,"template":"","format":"standard","meta":{"jnews-multi-image_gallery":[],"jnews_single_post":{"format":"standard","override":[{"template":"1","parallax":"1","fullscreen":"1","layout":"right-sidebar","sidebar":"mysidebar","second_sidebar":"default-sidebar","sticky_sidebar":"1","share_position":"float","share_float_style":"share-normal","show_share_counter":"1","show_view_counter":"1","show_featured":"1","show_post_meta":"1","show_post_author_image":"1","show_post_date":"1","post_date_format":"default","post_date_format_custom":"Y\/m\/d","show_post_reading_time":"0","post_reading_time_wpm":"300","post_calculate_word_method":"str_word_count","show_zoom_button":"0","zoom_button_out_step":"2","zoom_button_in_step":"3","show_prev_next_post":"1","number_popup_post":"3","show_author_box":"0","show_post_related":"0","show_inline_post_related":"0"}],"image_override":[{"single_post_thumbnail_size":"crop-500","single_post_gallery_size":"crop-500"}],"trending_post_position":"meta","trending_post_label":"Trending","sponsored_post_label":"Sponsored by","disable_ad":"0"},"jnews_primary_category":{"id":"14"},"jnews_social_meta":[],"jnews_override_counter":{"view_counter_number":"0","share_counter_number":"0","like_counter_number":"0","dislike_counter_number":"0"},"footnotes":""},"categories":[2,14],"tags":[23,33],"class_list":["post-28421","post","type-post","status-publish","format-standard","has-post-thumbnail","hentry","category-haberler","category-yuzme","tag-fenerbahce","tag-yuzme"],"amp_enabled":true,"_links":{"self":[{"href":"https:\/\/www.fener.org\/index.php\/wp-json\/wp\/v2\/posts\/28421","targetHints":{"allow":["GET"]}}],"collection":[{"href":"https:\/\/www.fener.org\/index.php\/wp-json\/wp\/v2\/posts"}],"about":[{"href":"https:\/\/www.fener.org\/index.php\/wp-json\/wp\/v2\/types\/post"}],"author":[{"embeddable":true,"href":"https:\/\/www.fener.org\/index.php\/wp-json\/wp\/v2\/users\/1"}],"replies":[{"embeddable":true,"href":"https:\/\/www.fener.org\/index.php\/wp-json\/wp\/v2\/comments?post=28421"}],"version-history":[{"count":1,"href":"https:\/\/www.fener.org\/index.php\/wp-json\/wp\/v2\/posts\/28421\/revisions"}],"predecessor-version":[{"id":28422,"href":"https:\/\/www.fener.org\/index.php\/wp-json\/wp\/v2\/posts\/28421\/revisions\/28422"}],"wp:featuredmedia":[{"embeddable":true,"href":"https:\/\/www.fener.org\/index.php\/wp-json\/wp\/v2\/media\/28198"}],"wp:attachment":[{"href":"https:\/\/www.fener.org\/index.php\/wp-json\/wp\/v2\/media?parent=28421"}],"wp:term":[{"taxonomy":"category","embeddable":true,"href":"https:\/\/www.fener.org\/index.php\/wp-json\/wp\/v2\/categories?post=28421"},{"taxonomy":"post_tag","embeddable":true,"href":"https:\/\/www.fener.org\/index.php\/wp-json\/wp\/v2\/tags?post=28421"}],"curies":[{"name":"wp","href":"https:\/\/api.w.org\/{rel}","templated":true}]}}