{"id":28391,"date":"2025-08-11T21:04:37","date_gmt":"2025-08-11T18:04:37","guid":{"rendered":"https:\/\/www.fener.org\/?p=28391"},"modified":"2025-08-11T21:04:42","modified_gmt":"2025-08-11T18:04:42","slug":"fenerbahceli-milli-atlet-emre-colak-uc-adim-atlamada-avrupa-ikincisi","status":"publish","type":"post","link":"https:\/\/www.fener.org\/index.php\/2025\/08\/11\/fenerbahceli-milli-atlet-emre-colak-uc-adim-atlamada-avrupa-ikincisi\/","title":{"rendered":"Fenerbah\u00e7eli milli atlet Emre \u00c7olak, \u00fc\u00e7 ad\u0131m atlamada Avrupa ikincisi"},"content":{"rendered":"\n<p>Fenerbah\u00e7eli milli atlet Emre \u00c7olak, 20 Ya\u015f Alt\u0131 Avrupa Atletizm \u015eampiyonas\u0131&#8217;nda g\u00fcm\u00fc\u015f&nbsp;madalya kazand\u0131.<\/p>\n\n\n\n<p>Avrupa Atletizm Birli\u011fi (EA) taraf\u0131ndan Finlandiya\u2019n\u0131n Tampere \u015fehrinde d\u00fczenlenen Avrupa U20 Atletizm \u015eampiyonas\u0131 \u00fc\u00e7 ad\u0131m atlama finallerinde yar\u0131\u015fan Emre \u00c7olak, kariyer en iyi derecesi olan 15.75\u2019lik atlay\u0131\u015f\u0131yla ikinci oldu.<\/p>\n","protected":false},"excerpt":{"rendered":"<p>Fenerbah\u00e7eli milli atlet Emre \u00c7olak, 20 Ya\u015f Alt\u0131 Avrupa Atletizm \u015eampiyonas\u0131&#8217;nda g\u00fcm\u00fc\u015f&nbsp;madalya kazand\u0131. Avrupa Atletizm Birli\u011fi (EA) taraf\u0131ndan Finlandiya\u2019n\u0131n Tampere \u015fehrinde d\u00fczenlenen Avrupa U20 Atletizm \u015eampiyonas\u0131 \u00fc\u00e7 ad\u0131m atlama finallerinde yar\u0131\u015fan Emre \u00c7olak, kariyer en iyi derecesi olan 15.75\u2019lik atlay\u0131\u015f\u0131yla ikinci oldu.<\/p>\n","protected":false},"author":1,"featured_media":28392,"comment_status":"closed","ping_status":"closed","sticky":false,"template":"","format":"standard","meta":{"jnews-multi-image_gallery":[],"jnews_single_post":{"format":"standard","override":[{"template":"1","parallax":"1","fullscreen":"1","layout":"right-sidebar","sidebar":"mysidebar","second_sidebar":"default-sidebar","sticky_sidebar":"1","share_position":"float","share_float_style":"share-normal","show_share_counter":"1","show_view_counter":"1","show_featured":"1","show_post_meta":"1","show_post_author_image":"1","show_post_date":"1","post_date_format":"default","post_date_format_custom":"Y\/m\/d","show_post_reading_time":"0","post_reading_time_wpm":"300","post_calculate_word_method":"str_word_count","show_zoom_button":"0","zoom_button_out_step":"2","zoom_button_in_step":"3","show_prev_next_post":"1","number_popup_post":"3","show_author_box":"0","show_post_related":"0","show_inline_post_related":"0"}],"image_override":[{"single_post_thumbnail_size":"crop-500","single_post_gallery_size":"crop-500"}],"trending_post_position":"meta","trending_post_label":"Trending","sponsored_post_label":"Sponsored by","disable_ad":"0"},"jnews_primary_category":{"id":"13"},"jnews_social_meta":[],"jnews_override_counter":{"view_counter_number":"0","share_counter_number":"0","like_counter_number":"0","dislike_counter_number":"0"},"footnotes":""},"categories":[13,2],"tags":[32,23],"class_list":["post-28391","post","type-post","status-publish","format-standard","has-post-thumbnail","hentry","category-atletizm","category-haberler","tag-atletizm","tag-fenerbahce"],"amp_enabled":true,"_links":{"self":[{"href":"https:\/\/www.fener.org\/index.php\/wp-json\/wp\/v2\/posts\/28391","targetHints":{"allow":["GET"]}}],"collection":[{"href":"https:\/\/www.fener.org\/index.php\/wp-json\/wp\/v2\/posts"}],"about":[{"href":"https:\/\/www.fener.org\/index.php\/wp-json\/wp\/v2\/types\/post"}],"author":[{"embeddable":true,"href":"https:\/\/www.fener.org\/index.php\/wp-json\/wp\/v2\/users\/1"}],"replies":[{"embeddable":true,"href":"https:\/\/www.fener.org\/index.php\/wp-json\/wp\/v2\/comments?post=28391"}],"version-history":[{"count":1,"href":"https:\/\/www.fener.org\/index.php\/wp-json\/wp\/v2\/posts\/28391\/revisions"}],"predecessor-version":[{"id":28393,"href":"https:\/\/www.fener.org\/index.php\/wp-json\/wp\/v2\/posts\/28391\/revisions\/28393"}],"wp:featuredmedia":[{"embeddable":true,"href":"https:\/\/www.fener.org\/index.php\/wp-json\/wp\/v2\/media\/28392"}],"wp:attachment":[{"href":"https:\/\/www.fener.org\/index.php\/wp-json\/wp\/v2\/media?parent=28391"}],"wp:term":[{"taxonomy":"category","embeddable":true,"href":"https:\/\/www.fener.org\/index.php\/wp-json\/wp\/v2\/categories?post=28391"},{"taxonomy":"post_tag","embeddable":true,"href":"https:\/\/www.fener.org\/index.php\/wp-json\/wp\/v2\/tags?post=28391"}],"curies":[{"name":"wp","href":"https:\/\/api.w.org\/{rel}","templated":true}]}}