{"id":28388,"date":"2025-08-11T20:48:15","date_gmt":"2025-08-11T17:48:15","guid":{"rendered":"https:\/\/www.fener.org\/?p=28388"},"modified":"2025-08-11T20:48:20","modified_gmt":"2025-08-11T17:48:20","slug":"fenerbahceli-milli-atlet-kiyasettin-karadan-altin-madalya","status":"publish","type":"post","link":"https:\/\/www.fener.org\/index.php\/2025\/08\/11\/fenerbahceli-milli-atlet-kiyasettin-karadan-altin-madalya\/","title":{"rendered":"Fenerbah\u00e7eli milli atlet K\u0131yasettin Kara&#8217;dan alt\u0131n madalya"},"content":{"rendered":"\n<p>Fenerbah\u00e7eli milli atlet K\u0131yasettin Kara, 20 Ya\u015f Alt\u0131 Avrupa Atletizm \u015eampiyonas\u0131&#8217;nda alt\u0131n madalya kazand\u0131.<\/p>\n\n\n\n<p>Avrupa Atletizm Birli\u011fi (EA) taraf\u0131ndan Finlandiya\u2019n\u0131n Tampere \u015fehrinde d\u00fczenlenen Avrupa U20 Atletizm \u015eampiyonas\u0131 3000 metre engelli finalinde yar\u0131\u015fan K\u0131yasettin Kara, 8.43.55\u2019lik derecesiyle U20 T\u00fcrkiye rekoru k\u0131rarak, Avrupa \u015eampiyonu oldu.&nbsp;<\/p>\n\n\n\n<p>\u015eampiyonada 41 ki\u015filik milli tak\u0131m kafilesinin 16\u2019s\u0131 sar\u0131 lacivertli atletlerden olu\u015furken, \u00fc\u00e7 madalyada Fenerbah\u00e7eli sporculardan geldi.<\/p>\n\n\n\n<p>K\u0131yasettin Kara&#8217;n\u0131n alt\u0131n madalya kazand\u0131\u011f\u0131 \u015fampiyonada&nbsp;Emre \u00c7olak \u00fc\u00e7 ad\u0131m atlamada,&nbsp;Edibe Ya\u011f\u0131z da 5000 metrede g\u00fcm\u00fc\u015f madalya kazanan sporcular\u0131m\u0131z&nbsp;oldular.&nbsp;<\/p>\n","protected":false},"excerpt":{"rendered":"<p>Fenerbah\u00e7eli milli atlet K\u0131yasettin Kara, 20 Ya\u015f Alt\u0131 Avrupa Atletizm \u015eampiyonas\u0131&#8217;nda alt\u0131n madalya kazand\u0131. Avrupa Atletizm Birli\u011fi (EA) taraf\u0131ndan Finlandiya\u2019n\u0131n Tampere \u015fehrinde d\u00fczenlenen Avrupa U20 Atletizm \u015eampiyonas\u0131 3000 metre engelli finalinde yar\u0131\u015fan K\u0131yasettin Kara, 8.43.55\u2019lik derecesiyle U20 T\u00fcrkiye rekoru k\u0131rarak, Avrupa \u015eampiyonu oldu.&nbsp; \u015eampiyonada 41 ki\u015filik milli tak\u0131m kafilesinin 16\u2019s\u0131 sar\u0131 lacivertli atletlerden olu\u015furken, \u00fc\u00e7 [&hellip;]<\/p>\n","protected":false},"author":1,"featured_media":28389,"comment_status":"closed","ping_status":"closed","sticky":false,"template":"","format":"standard","meta":{"jnews-multi-image_gallery":[],"jnews_single_post":{"format":"standard","override":[{"template":"1","parallax":"1","fullscreen":"1","layout":"right-sidebar","sidebar":"mysidebar","second_sidebar":"default-sidebar","sticky_sidebar":"1","share_position":"float","share_float_style":"share-normal","show_share_counter":"1","show_view_counter":"1","show_featured":"1","show_post_meta":"1","show_post_author_image":"1","show_post_date":"1","post_date_format":"default","post_date_format_custom":"Y\/m\/d","show_post_reading_time":"0","post_reading_time_wpm":"300","post_calculate_word_method":"str_word_count","show_zoom_button":"0","zoom_button_out_step":"2","zoom_button_in_step":"3","show_prev_next_post":"1","number_popup_post":"3","show_author_box":"0","show_post_related":"0","show_inline_post_related":"0"}],"image_override":[{"single_post_thumbnail_size":"crop-500","single_post_gallery_size":"crop-500"}],"trending_post_position":"meta","trending_post_label":"Trending","sponsored_post_label":"Sponsored by","disable_ad":"0"},"jnews_primary_category":{"id":"13"},"jnews_social_meta":[],"jnews_override_counter":{"view_counter_number":"0","share_counter_number":"0","like_counter_number":"0","dislike_counter_number":"0"},"footnotes":""},"categories":[13,2],"tags":[32,23],"class_list":["post-28388","post","type-post","status-publish","format-standard","has-post-thumbnail","hentry","category-atletizm","category-haberler","tag-atletizm","tag-fenerbahce"],"amp_enabled":true,"_links":{"self":[{"href":"https:\/\/www.fener.org\/index.php\/wp-json\/wp\/v2\/posts\/28388","targetHints":{"allow":["GET"]}}],"collection":[{"href":"https:\/\/www.fener.org\/index.php\/wp-json\/wp\/v2\/posts"}],"about":[{"href":"https:\/\/www.fener.org\/index.php\/wp-json\/wp\/v2\/types\/post"}],"author":[{"embeddable":true,"href":"https:\/\/www.fener.org\/index.php\/wp-json\/wp\/v2\/users\/1"}],"replies":[{"embeddable":true,"href":"https:\/\/www.fener.org\/index.php\/wp-json\/wp\/v2\/comments?post=28388"}],"version-history":[{"count":1,"href":"https:\/\/www.fener.org\/index.php\/wp-json\/wp\/v2\/posts\/28388\/revisions"}],"predecessor-version":[{"id":28390,"href":"https:\/\/www.fener.org\/index.php\/wp-json\/wp\/v2\/posts\/28388\/revisions\/28390"}],"wp:featuredmedia":[{"embeddable":true,"href":"https:\/\/www.fener.org\/index.php\/wp-json\/wp\/v2\/media\/28389"}],"wp:attachment":[{"href":"https:\/\/www.fener.org\/index.php\/wp-json\/wp\/v2\/media?parent=28388"}],"wp:term":[{"taxonomy":"category","embeddable":true,"href":"https:\/\/www.fener.org\/index.php\/wp-json\/wp\/v2\/categories?post=28388"},{"taxonomy":"post_tag","embeddable":true,"href":"https:\/\/www.fener.org\/index.php\/wp-json\/wp\/v2\/tags?post=28388"}],"curies":[{"name":"wp","href":"https:\/\/api.w.org\/{rel}","templated":true}]}}