{"id":28385,"date":"2025-08-10T07:40:15","date_gmt":"2025-08-10T04:40:15","guid":{"rendered":"https:\/\/www.fener.org\/?p=28385"},"modified":"2025-08-10T07:40:20","modified_gmt":"2025-08-10T04:40:20","slug":"fenerbahce-yuzme-subemiz-turkiye-sampiyonasinda-5-kupa-kazandi","status":"publish","type":"post","link":"https:\/\/www.fener.org\/index.php\/2025\/08\/10\/fenerbahce-yuzme-subemiz-turkiye-sampiyonasinda-5-kupa-kazandi\/","title":{"rendered":"Fenerbah\u00e7e Y\u00fczme \u015eubemiz, T\u00fcrkiye \u015eampiyonas\u0131\u2019nda 5 kupa kazand\u0131"},"content":{"rendered":"\n<p>Kul\u00fcb\u00fcm\u00fcz\u00fcn ev sahipli\u011finde Fenerbah\u00e7e Vefa K\u00fc\u00e7\u00fck Y\u00fczme Tesisleri\u2019nde d\u00fczenlenen T\u00fcrkiye Kul\u00fcpler Aras\u0131 Uzun Kulvar Y\u0131ld\u0131z, Gen\u00e7 ve A\u00e7\u0131k Ya\u015f Y\u00fczme \u015eampiyonas\u0131 sona erdi.<\/p>\n\n\n\n<p>Fenerbah\u00e7e Y\u00fczme \u015eubemiz, A\u00e7\u0131k Ya\u015f Kad\u0131n, A\u00e7\u0131k Ya\u015f Erkek, Gen\u00e7 Kad\u0131n, Gen\u00e7 Erkek ve Y\u0131ld\u0131z Erkeklerde T\u00fcrkiye \u015eampiyonu olurken, Y\u0131ld\u0131z K\u0131zlarda ise \u00fc\u00e7\u00fcnc\u00fc s\u0131rada yer ald\u0131.<\/p>\n\n\n\n<p>M\u00fcsabakalar\u0131 Y\u00f6netim Kurulu \u00dcyemiz Eren Di\u015fli de takip ederek sporcular\u0131m\u0131za destek verdi.<\/p>\n\n\n\n<p>Yar\u0131\u015flar\u0131n son g\u00fcn\u00fcnde 400 metre serbest erkeklerde Kuzey Tun\u00e7elli, kad\u0131nlarda ise Ecem D\u00f6nmez \u00d6\u011fretir, alt\u0131n madalya kazand\u0131.<\/p>\n\n\n\n<p>Erkekler 50 metre serbestte Emre Sak\u00e7\u0131 birincilik elde ederken, Demir \u00d6zdemir ise erkekler 50 metre serbestte 22.87&#8217;lik derecesiyle kendisine ait 17 ya\u015f T\u00fcrkiye rekorunu geli\u015ftirdi.<\/p>\n\n\n\n<p>Kad\u0131nlar 4&#215;50 metre kar\u0131\u015f\u0131kta alt\u0131n madalyaya Fenerbah\u00e7emiz ula\u015ft\u0131. Erkekler 4&#215;50 metre kar\u0131\u015f\u0131kta ise Mert Ali Sat\u0131r, Emre Sak\u00e7\u0131, Berk \u00d6zkul ve Demir \u00d6zdemir\u2019den olu\u015fan bayrak tak\u0131m\u0131m\u0131z, 1:37.83&#8217;l\u00fck derecesiyle A\u00e7\u0131k Ya\u015f Yeni T\u00fcrkiye rekorunun sahibi oldu ve birincilik elde etti.<\/p>\n\n\n\n<p>Y\u0131ld\u0131z Erkekler 4X50 metre kar\u0131\u015f\u0131kta Efe Hakan \u00d6zg\u00fcr, Serhat Kasal, K\u0131van\u00e7 \u00d6zkan ve Eymen Batu \u0130bolar\u2019\u0131n yer ald\u0131\u011f\u0131 ekibimiz, 1:46.46 ile 15-16-17 ya\u015f T\u00fcrkiye rekorunu k\u0131rarak alt\u0131n madalya kazand\u0131.<\/p>\n\n\n\n<p>\u0130dil Aksakdemir, \u0130lkim Karaali, Ela Su Erensoy Beren Ba\u015faran&#8217;dan olu\u015fan gen\u00e7 k\u0131z 4X50 metre kar\u0131\u015f\u0131k bayrak tak\u0131m\u0131m\u0131z, 1:55.89&#8217;luk derecesiyle 18 ya\u015f yeni T\u00fcrkiye rekoruna imza atarak birinci oldu.<\/p>\n","protected":false},"excerpt":{"rendered":"<p>Kul\u00fcb\u00fcm\u00fcz\u00fcn ev sahipli\u011finde Fenerbah\u00e7e Vefa K\u00fc\u00e7\u00fck Y\u00fczme Tesisleri\u2019nde d\u00fczenlenen T\u00fcrkiye Kul\u00fcpler Aras\u0131 Uzun Kulvar Y\u0131ld\u0131z, Gen\u00e7 ve A\u00e7\u0131k Ya\u015f Y\u00fczme \u015eampiyonas\u0131 sona erdi. Fenerbah\u00e7e Y\u00fczme \u015eubemiz, A\u00e7\u0131k Ya\u015f Kad\u0131n, A\u00e7\u0131k Ya\u015f Erkek, Gen\u00e7 Kad\u0131n, Gen\u00e7 Erkek ve Y\u0131ld\u0131z Erkeklerde T\u00fcrkiye \u015eampiyonu olurken, Y\u0131ld\u0131z K\u0131zlarda ise \u00fc\u00e7\u00fcnc\u00fc s\u0131rada yer ald\u0131. M\u00fcsabakalar\u0131 Y\u00f6netim Kurulu \u00dcyemiz Eren Di\u015fli [&hellip;]<\/p>\n","protected":false},"author":1,"featured_media":28386,"comment_status":"closed","ping_status":"closed","sticky":false,"template":"","format":"standard","meta":{"jnews-multi-image_gallery":[],"jnews_single_post":{"format":"standard","override":[{"template":"1","parallax":"1","fullscreen":"1","layout":"right-sidebar","sidebar":"mysidebar","second_sidebar":"default-sidebar","sticky_sidebar":"1","share_position":"float","share_float_style":"share-normal","show_share_counter":"1","show_view_counter":"1","show_featured":"1","show_post_meta":"1","show_post_author_image":"1","show_post_date":"1","post_date_format":"default","post_date_format_custom":"Y\/m\/d","show_post_reading_time":"0","post_reading_time_wpm":"300","post_calculate_word_method":"str_word_count","show_zoom_button":"0","zoom_button_out_step":"2","zoom_button_in_step":"3","show_prev_next_post":"1","number_popup_post":"3","show_author_box":"0","show_post_related":"0","show_inline_post_related":"0"}],"image_override":[{"single_post_thumbnail_size":"crop-500","single_post_gallery_size":"crop-500"}],"trending_post_position":"meta","trending_post_label":"Trending","sponsored_post_label":"Sponsored by","disable_ad":"0"},"jnews_primary_category":{"id":"14"},"jnews_social_meta":[],"jnews_override_counter":{"view_counter_number":"0","share_counter_number":"0","like_counter_number":"0","dislike_counter_number":"0"},"footnotes":""},"categories":[2,14],"tags":[23,33],"class_list":["post-28385","post","type-post","status-publish","format-standard","has-post-thumbnail","hentry","category-haberler","category-yuzme","tag-fenerbahce","tag-yuzme"],"amp_enabled":true,"_links":{"self":[{"href":"https:\/\/www.fener.org\/index.php\/wp-json\/wp\/v2\/posts\/28385","targetHints":{"allow":["GET"]}}],"collection":[{"href":"https:\/\/www.fener.org\/index.php\/wp-json\/wp\/v2\/posts"}],"about":[{"href":"https:\/\/www.fener.org\/index.php\/wp-json\/wp\/v2\/types\/post"}],"author":[{"embeddable":true,"href":"https:\/\/www.fener.org\/index.php\/wp-json\/wp\/v2\/users\/1"}],"replies":[{"embeddable":true,"href":"https:\/\/www.fener.org\/index.php\/wp-json\/wp\/v2\/comments?post=28385"}],"version-history":[{"count":1,"href":"https:\/\/www.fener.org\/index.php\/wp-json\/wp\/v2\/posts\/28385\/revisions"}],"predecessor-version":[{"id":28387,"href":"https:\/\/www.fener.org\/index.php\/wp-json\/wp\/v2\/posts\/28385\/revisions\/28387"}],"wp:featuredmedia":[{"embeddable":true,"href":"https:\/\/www.fener.org\/index.php\/wp-json\/wp\/v2\/media\/28386"}],"wp:attachment":[{"href":"https:\/\/www.fener.org\/index.php\/wp-json\/wp\/v2\/media?parent=28385"}],"wp:term":[{"taxonomy":"category","embeddable":true,"href":"https:\/\/www.fener.org\/index.php\/wp-json\/wp\/v2\/categories?post=28385"},{"taxonomy":"post_tag","embeddable":true,"href":"https:\/\/www.fener.org\/index.php\/wp-json\/wp\/v2\/tags?post=28385"}],"curies":[{"name":"wp","href":"https:\/\/api.w.org\/{rel}","templated":true}]}}