{"id":28325,"date":"2025-07-26T21:01:17","date_gmt":"2025-07-26T18:01:17","guid":{"rendered":"https:\/\/www.fener.org\/?p=28325"},"modified":"2025-07-26T21:01:23","modified_gmt":"2025-07-26T18:01:23","slug":"milli-kurekcimiz-aytimur-selcuk-u23-iki-tek-kategorisinde-dunya-sampiyonu-oldu","status":"publish","type":"post","link":"https:\/\/www.fener.org\/index.php\/2025\/07\/26\/milli-kurekcimiz-aytimur-selcuk-u23-iki-tek-kategorisinde-dunya-sampiyonu-oldu\/","title":{"rendered":"Milli k\u00fcrek\u00e7imiz Aytimur Sel\u00e7uk, U23 iki tek kategorisinde D\u00fcnya \u015eampiyonu oldu"},"content":{"rendered":"\n<p>Polonya\u2019n\u0131n Poznan kentinin ev sahipli\u011finde yap\u0131lan U23 D\u00fcnya K\u00fcrek \u015eampiyonas\u0131\u2019nda milli forma alt\u0131nda m\u00fccadele eden Fenerbah\u00e7eli k\u00fcrek\u00e7imiz Aytimur Sel\u00e7uk ile ekibi milli k\u00fcrek\u00e7i Enes Biber, 23 ya\u015f alt\u0131 Erkekler 2-(iki tek) kategorisinde 06:24.94&#8217;le D\u00fcnya \u015eampiyonu oldu.<\/p>\n\n\n\n<p>Final yar\u0131\u015f\u0131n\u0131 Almanya\u2019dan Vinzent Kuhn-Leonardo Rosenquist \u00e7ifti ikinci, \u0130svi\u00e7re\u2019den Seric Critchley-Nicolas Chambers \u00fc\u00e7\u00fcnc\u00fc s\u0131rada tamamlad\u0131.<\/p>\n","protected":false},"excerpt":{"rendered":"<p>Polonya\u2019n\u0131n Poznan kentinin ev sahipli\u011finde yap\u0131lan U23 D\u00fcnya K\u00fcrek \u015eampiyonas\u0131\u2019nda milli forma alt\u0131nda m\u00fccadele eden Fenerbah\u00e7eli k\u00fcrek\u00e7imiz Aytimur Sel\u00e7uk ile ekibi milli k\u00fcrek\u00e7i Enes Biber, 23 ya\u015f alt\u0131 Erkekler 2-(iki tek) kategorisinde 06:24.94&#8217;le D\u00fcnya \u015eampiyonu oldu. Final yar\u0131\u015f\u0131n\u0131 Almanya\u2019dan Vinzent Kuhn-Leonardo Rosenquist \u00e7ifti ikinci, \u0130svi\u00e7re\u2019den Seric Critchley-Nicolas Chambers \u00fc\u00e7\u00fcnc\u00fc s\u0131rada tamamlad\u0131.<\/p>\n","protected":false},"author":1,"featured_media":1283,"comment_status":"closed","ping_status":"closed","sticky":false,"template":"","format":"standard","meta":{"jnews-multi-image_gallery":[],"jnews_single_post":{"format":"standard","override":[{"template":"1","parallax":"1","fullscreen":"1","layout":"right-sidebar","sidebar":"mysidebar","second_sidebar":"default-sidebar","sticky_sidebar":"1","share_position":"float","share_float_style":"share-normal","show_share_counter":"1","show_view_counter":"1","show_featured":"1","show_post_meta":"1","show_post_author_image":"1","show_post_date":"1","post_date_format":"default","post_date_format_custom":"Y\/m\/d","show_post_reading_time":"0","post_reading_time_wpm":"300","post_calculate_word_method":"str_word_count","show_zoom_button":"0","zoom_button_out_step":"2","zoom_button_in_step":"3","show_prev_next_post":"1","number_popup_post":"3","show_author_box":"0","show_post_related":"0","show_inline_post_related":"0"}],"image_override":[{"single_post_thumbnail_size":"crop-500","single_post_gallery_size":"crop-500"}],"trending_post_position":"meta","trending_post_label":"Trending","sponsored_post_label":"Sponsored by","disable_ad":"0"},"jnews_primary_category":{"id":"11"},"jnews_social_meta":[],"jnews_override_counter":{"view_counter_number":"0","share_counter_number":"0","like_counter_number":"0","dislike_counter_number":"0"},"footnotes":""},"categories":[2,11],"tags":[23,30],"class_list":["post-28325","post","type-post","status-publish","format-standard","has-post-thumbnail","hentry","category-haberler","category-kurek","tag-fenerbahce","tag-kurek"],"amp_enabled":true,"_links":{"self":[{"href":"https:\/\/www.fener.org\/index.php\/wp-json\/wp\/v2\/posts\/28325","targetHints":{"allow":["GET"]}}],"collection":[{"href":"https:\/\/www.fener.org\/index.php\/wp-json\/wp\/v2\/posts"}],"about":[{"href":"https:\/\/www.fener.org\/index.php\/wp-json\/wp\/v2\/types\/post"}],"author":[{"embeddable":true,"href":"https:\/\/www.fener.org\/index.php\/wp-json\/wp\/v2\/users\/1"}],"replies":[{"embeddable":true,"href":"https:\/\/www.fener.org\/index.php\/wp-json\/wp\/v2\/comments?post=28325"}],"version-history":[{"count":1,"href":"https:\/\/www.fener.org\/index.php\/wp-json\/wp\/v2\/posts\/28325\/revisions"}],"predecessor-version":[{"id":28326,"href":"https:\/\/www.fener.org\/index.php\/wp-json\/wp\/v2\/posts\/28325\/revisions\/28326"}],"wp:featuredmedia":[{"embeddable":true,"href":"https:\/\/www.fener.org\/index.php\/wp-json\/wp\/v2\/media\/1283"}],"wp:attachment":[{"href":"https:\/\/www.fener.org\/index.php\/wp-json\/wp\/v2\/media?parent=28325"}],"wp:term":[{"taxonomy":"category","embeddable":true,"href":"https:\/\/www.fener.org\/index.php\/wp-json\/wp\/v2\/categories?post=28325"},{"taxonomy":"post_tag","embeddable":true,"href":"https:\/\/www.fener.org\/index.php\/wp-json\/wp\/v2\/tags?post=28325"}],"curies":[{"name":"wp","href":"https:\/\/api.w.org\/{rel}","templated":true}]}}