{"id":28307,"date":"2025-07-25T21:28:52","date_gmt":"2025-07-25T18:28:52","guid":{"rendered":"https:\/\/www.fener.org\/?p=28307"},"modified":"2025-07-25T21:29:00","modified_gmt":"2025-07-25T18:29:00","slug":"ozlem-becerekten-altin-madalya-2","status":"publish","type":"post","link":"https:\/\/www.fener.org\/index.php\/2025\/07\/25\/ozlem-becerekten-altin-madalya-2\/","title":{"rendered":"\u00d6zlem Becerek&#8217;ten alt\u0131n madalya"},"content":{"rendered":"\n<p>Fenerbah\u00e7eli milli atlet \u00d6zlem Becerek, FISU 2025 D\u00fcnya \u00dcniversite Yaz Oyunlar\u0131\u2019nda alt\u0131n madalya kazand\u0131.<\/p>\n\n\n\n<p>Almanya\u2019n\u0131n ev sahipli\u011finde yap\u0131lan organizasyonda ay y\u0131ld\u0131zl\u0131 formayla yar\u0131\u015fan&nbsp;sporcumuz, disk atmada sezonun en iyi derecesi olan 61.15m ile birinci oldu.<\/p>\n\n\n\n<p>Milli sporcumuzun bu ba\u015far\u0131s\u0131 disk atma kategorisinde D\u00fcnya \u00dcniversite Yaz Oyunlar\u0131\u2019nda elde edilen ilk alt\u0131n madalya olarak da tarihe ge\u00e7ti.<\/p>\n","protected":false},"excerpt":{"rendered":"<p>Fenerbah\u00e7eli milli atlet \u00d6zlem Becerek, FISU 2025 D\u00fcnya \u00dcniversite Yaz Oyunlar\u0131\u2019nda alt\u0131n madalya kazand\u0131. Almanya\u2019n\u0131n ev sahipli\u011finde yap\u0131lan organizasyonda ay y\u0131ld\u0131zl\u0131 formayla yar\u0131\u015fan&nbsp;sporcumuz, disk atmada sezonun en iyi derecesi olan 61.15m ile birinci oldu. Milli sporcumuzun bu ba\u015far\u0131s\u0131 disk atma kategorisinde D\u00fcnya \u00dcniversite Yaz Oyunlar\u0131\u2019nda elde edilen ilk alt\u0131n madalya olarak da tarihe ge\u00e7ti.<\/p>\n","protected":false},"author":1,"featured_media":28310,"comment_status":"closed","ping_status":"closed","sticky":false,"template":"","format":"standard","meta":{"jnews-multi-image_gallery":[],"jnews_single_post":{"format":"standard","override":[{"template":"1","parallax":"1","fullscreen":"1","layout":"right-sidebar","sidebar":"mysidebar","second_sidebar":"default-sidebar","sticky_sidebar":"1","share_position":"float","share_float_style":"share-normal","show_share_counter":"1","show_view_counter":"1","show_featured":"1","show_post_meta":"1","show_post_author_image":"1","show_post_date":"1","post_date_format":"default","post_date_format_custom":"Y\/m\/d","show_post_reading_time":"0","post_reading_time_wpm":"300","post_calculate_word_method":"str_word_count","show_zoom_button":"0","zoom_button_out_step":"2","zoom_button_in_step":"3","show_prev_next_post":"1","number_popup_post":"3","show_author_box":"0","show_post_related":"0","show_inline_post_related":"0"}],"image_override":[{"single_post_thumbnail_size":"crop-500","single_post_gallery_size":"crop-500"}],"trending_post_position":"meta","trending_post_label":"Trending","sponsored_post_label":"Sponsored by","disable_ad":"0"},"jnews_primary_category":{"id":"13"},"jnews_social_meta":[],"jnews_override_counter":{"view_counter_number":"0","share_counter_number":"0","like_counter_number":"0","dislike_counter_number":"0"},"footnotes":""},"categories":[13,2],"tags":[32,23],"class_list":["post-28307","post","type-post","status-publish","format-standard","has-post-thumbnail","hentry","category-atletizm","category-haberler","tag-atletizm","tag-fenerbahce"],"amp_enabled":true,"_links":{"self":[{"href":"https:\/\/www.fener.org\/index.php\/wp-json\/wp\/v2\/posts\/28307","targetHints":{"allow":["GET"]}}],"collection":[{"href":"https:\/\/www.fener.org\/index.php\/wp-json\/wp\/v2\/posts"}],"about":[{"href":"https:\/\/www.fener.org\/index.php\/wp-json\/wp\/v2\/types\/post"}],"author":[{"embeddable":true,"href":"https:\/\/www.fener.org\/index.php\/wp-json\/wp\/v2\/users\/1"}],"replies":[{"embeddable":true,"href":"https:\/\/www.fener.org\/index.php\/wp-json\/wp\/v2\/comments?post=28307"}],"version-history":[{"count":2,"href":"https:\/\/www.fener.org\/index.php\/wp-json\/wp\/v2\/posts\/28307\/revisions"}],"predecessor-version":[{"id":28311,"href":"https:\/\/www.fener.org\/index.php\/wp-json\/wp\/v2\/posts\/28307\/revisions\/28311"}],"wp:featuredmedia":[{"embeddable":true,"href":"https:\/\/www.fener.org\/index.php\/wp-json\/wp\/v2\/media\/28310"}],"wp:attachment":[{"href":"https:\/\/www.fener.org\/index.php\/wp-json\/wp\/v2\/media?parent=28307"}],"wp:term":[{"taxonomy":"category","embeddable":true,"href":"https:\/\/www.fener.org\/index.php\/wp-json\/wp\/v2\/categories?post=28307"},{"taxonomy":"post_tag","embeddable":true,"href":"https:\/\/www.fener.org\/index.php\/wp-json\/wp\/v2\/tags?post=28307"}],"curies":[{"name":"wp","href":"https:\/\/api.w.org\/{rel}","templated":true}]}}