{"id":2830,"date":"2018-11-03T18:23:59","date_gmt":"2018-11-03T15:23:59","guid":{"rendered":"https:\/\/www.fener.org\/?p=2830"},"modified":"2018-11-03T18:23:59","modified_gmt":"2018-11-03T15:23:59","slug":"cev-sampiyonlar-ligindeki-rakiplerimiz-belli-oldu","status":"publish","type":"post","link":"https:\/\/www.fener.org\/index.php\/2018\/11\/03\/cev-sampiyonlar-ligindeki-rakiplerimiz-belli-oldu\/","title":{"rendered":"CEV \u015eampiyonlar Ligi\u2019ndeki rakiplerimiz belli oldu"},"content":{"rendered":"<p>Fenerbah\u00e7e Kad\u0131n Voleybol Tak\u0131m\u0131m\u0131z\u0131n CEV \u015eampiyonlar Ligi\u2019ndeki rakipleri, Avrupa Voleybol Galas\u0131\u2019ndaki kura \u00e7ekimiyle belli oldu.<\/p>\n<p>Macaristan\u2019\u0131n ba\u015fkenti Budape\u015fte\u2019nin ev sahipli\u011finde ger\u00e7ekle\u015ftirilen kuraya 4. torbadan kat\u0131lan Fenerbah\u00e7e Kad\u0131n Voleybol Tak\u0131m\u0131m\u0131z, E Grubu\u2019nda Dinamo Moskova (Rusya), Chemik Police (Polonya), CSM Bukres (Romanya) ile e\u015fle\u015fti.<\/p>\n<p>Kura \u00e7ekiminde Kul\u00fcb\u00fcm\u00fcz\u00fc; Erkek Voleybol Tak\u0131m\u0131m\u0131z\u0131n Teknik Menajeri Dariuzs Stanicki ile Voleybol Tak\u0131mlar\u0131m\u0131z\u0131n D\u0131\u015f \u0130li\u015fkiler ve Organizasyon Sorumlusu Ayb\u00fcke Turan temsil etti.<\/p>\n<p>2019 CEV \u015eampiyonlar Ligi\u2019ndeki ma\u00e7 program\u0131, Avrupa Voleybol Konfederasyonu taraf\u0131ndan \u00f6n\u00fcm\u00fczdeki g\u00fcnlerde a\u00e7\u0131klanacak.<\/p>\n<p>2019 CEV \u015eampiyonlar Ligi 4. Etap\u2019tan (grup a\u015famas\u0131) itibaren; bayanlarda ve erkeklerde 20 tak\u0131m m\u00fccadele edecek. Tak\u0131mlar; grup a\u015famas\u0131nda d\u00f6rderli be\u015f gruba ayr\u0131lacak.<\/p>\n<p>CEV \u015eampiyonlar Ligi\u2019nde bayanlarda grup ma\u00e7lar\u0131 20 Kas\u0131m 2018 \u2013 26 \u015eubat 2019, 4\u2019l\u00fc Finaller etab\u0131 12-21 Mart 2019, Yar\u0131 Finaller 02-11 Nisan 2019 tarihleri aras\u0131nda, final kar\u015f\u0131la\u015fmas\u0131 ise 18 May\u0131s 2019 tarihinde oynanacak.<\/p>\n","protected":false},"excerpt":{"rendered":"<p>Fenerbah\u00e7e Kad\u0131n Voleybol Tak\u0131m\u0131m\u0131z\u0131n CEV \u015eampiyonlar Ligi\u2019ndeki rakipleri, Avrupa Voleybol Galas\u0131\u2019ndaki kura \u00e7ekimiyle belli oldu. Macaristan\u2019\u0131n ba\u015fkenti Budape\u015fte\u2019nin ev sahipli\u011finde ger\u00e7ekle\u015ftirilen kuraya 4. torbadan kat\u0131lan Fenerbah\u00e7e Kad\u0131n Voleybol Tak\u0131m\u0131m\u0131z, E Grubu\u2019nda Dinamo Moskova (Rusya), Chemik Police (Polonya), CSM Bukres (Romanya) ile e\u015fle\u015fti. Kura \u00e7ekiminde Kul\u00fcb\u00fcm\u00fcz\u00fc; Erkek Voleybol Tak\u0131m\u0131m\u0131z\u0131n Teknik Menajeri Dariuzs Stanicki ile Voleybol Tak\u0131mlar\u0131m\u0131z\u0131n [&hellip;]<\/p>\n","protected":false},"author":1,"featured_media":2831,"comment_status":"closed","ping_status":"closed","sticky":false,"template":"","format":"standard","meta":{"jnews-multi-image_gallery":[],"jnews_single_post":{"override_template":"0","override":[{"template":"1","single_blog_custom":"","parallax":"1","fullscreen":"0","layout":"right-sidebar","sidebar":"default-sidebar","second_sidebar":"default-sidebar","sticky_sidebar":"1","share_position":"top","share_float_style":"share-monocrhome","show_share_counter":"1","show_view_counter":"1","show_featured":"1","show_post_meta":"1","show_post_author":"1","show_post_author_image":"1","show_post_date":"1","post_date_format":"default","post_date_format_custom":"Y\/m\/d","show_post_category":"1","show_post_tag":"1","show_prev_next_post":"1","show_popup_post":"1","number_popup_post":"1","show_author_box":"0","show_post_related":"1","show_inline_post_related":"0"}],"override_image_size":"0","image_override":[{"single_post_thumbnail_size":"crop-500","single_post_gallery_size":"crop-500"}],"trending_post":"0","trending_post_position":"meta","trending_post_label":"Trending"},"jnews_primary_category":{"id":"8"},"jnews_social_meta":{"fb_title":"","fb_description":"","fb_image":"","twitter_title":"","twitter_description":"","twitter_image":""},"jnews_override_counter":{"override_view_counter":"0","view_counter_number":"0","override_share_counter":"0","share_counter_number":"0","override_like_counter":"0","like_counter_number":"0","override_dislike_counter":"0","dislike_counter_number":"0"},"footnotes":""},"categories":[2,10,8],"tags":[28,29],"class_list":["post-2830","post","type-post","status-publish","format-standard","has-post-thumbnail","hentry","category-haberler","category-kadin-voleybol","category-voleybol","tag-kadin-voleybol","tag-voleybol"],"amp_enabled":true,"_links":{"self":[{"href":"https:\/\/www.fener.org\/index.php\/wp-json\/wp\/v2\/posts\/2830","targetHints":{"allow":["GET"]}}],"collection":[{"href":"https:\/\/www.fener.org\/index.php\/wp-json\/wp\/v2\/posts"}],"about":[{"href":"https:\/\/www.fener.org\/index.php\/wp-json\/wp\/v2\/types\/post"}],"author":[{"embeddable":true,"href":"https:\/\/www.fener.org\/index.php\/wp-json\/wp\/v2\/users\/1"}],"replies":[{"embeddable":true,"href":"https:\/\/www.fener.org\/index.php\/wp-json\/wp\/v2\/comments?post=2830"}],"version-history":[{"count":2,"href":"https:\/\/www.fener.org\/index.php\/wp-json\/wp\/v2\/posts\/2830\/revisions"}],"predecessor-version":[{"id":2833,"href":"https:\/\/www.fener.org\/index.php\/wp-json\/wp\/v2\/posts\/2830\/revisions\/2833"}],"wp:featuredmedia":[{"embeddable":true,"href":"https:\/\/www.fener.org\/index.php\/wp-json\/wp\/v2\/media\/2831"}],"wp:attachment":[{"href":"https:\/\/www.fener.org\/index.php\/wp-json\/wp\/v2\/media?parent=2830"}],"wp:term":[{"taxonomy":"category","embeddable":true,"href":"https:\/\/www.fener.org\/index.php\/wp-json\/wp\/v2\/categories?post=2830"},{"taxonomy":"post_tag","embeddable":true,"href":"https:\/\/www.fener.org\/index.php\/wp-json\/wp\/v2\/tags?post=2830"}],"curies":[{"name":"wp","href":"https:\/\/api.w.org\/{rel}","templated":true}]}}