{"id":28252,"date":"2025-07-14T18:41:47","date_gmt":"2025-07-14T15:41:47","guid":{"rendered":"https:\/\/www.fener.org\/?p=28252"},"modified":"2025-07-14T18:41:52","modified_gmt":"2025-07-14T15:41:52","slug":"milli-atletlerimizden-u20-balkan-sampiyonasinda-6-madalya","status":"publish","type":"post","link":"https:\/\/www.fener.org\/index.php\/2025\/07\/14\/milli-atletlerimizden-u20-balkan-sampiyonasinda-6-madalya\/","title":{"rendered":"Milli atletlerimizden U20 Balkan \u015eampiyonas\u0131\u2019nda 6 madalya"},"content":{"rendered":"\n<p>U20 Balkan \u015eampiyonas\u0131 12-13 Temmuz tarihleri aras\u0131nda Romanya\u2019da ger\u00e7ekle\u015fti.<\/p>\n\n\n\n<p>Fenerbah\u00e7eli milli atletlerimiz, organizasyonda 1 Alt\u0131n, 1 G\u00fcm\u00fc\u015f ve 4 Bronz madalyan\u0131n sahibi olarak ba\u015far\u0131l\u0131 sonu\u00e7lar elde etti.<\/p>\n\n\n\n<p>Milli tak\u0131m\u0131m\u0131z ise \u00fclkeler s\u0131ralamas\u0131nda 143 puanla Balkan ikincisi olurken, Romanya 154 puanla birinci, Yunanistan 137.5 puanla \u00fc\u00e7\u00fcnc\u00fc oldu.<\/p>\n\n\n\n<p>Sporcular\u0131m\u0131z\u0131n \u015fampiyonada kazand\u0131\u011f\u0131 madalyalar ve elde ettikleri dereceler \u015fu \u015fekilde:<\/p>\n\n\n\n<ul class=\"wp-block-list\">\n<li>Yasir Kuduban &#8211; Y\u00fcksek Atlama: 2.09 (Alt\u0131n Madalya)<\/li>\n\n\n\n<li>Havva Efe &#8211; 3000 Metre: 9:46.98 (G\u00fcm\u00fc\u015f Madalya)<\/li>\n\n\n\n<li>\u0130ran \u0130nce, 1500 Metre: 4:26.75 (Bronz Madalya)<\/li>\n\n\n\n<li>S\u00fcmeyye Nur \u015eirin, Disk Atma: 46.76 Metre (Bronz Madalya)<\/li>\n\n\n\n<li>Ekin Yurtta\u015f &amp; Zeynep Kaya, 4&#215;100 Metre Kad\u0131n Bayrak Tak\u0131m\u0131 46.57 (Bronz Madalya)<\/li>\n\n\n\n<li>Toprak Ege \u00d6zdemir, 4&#215;100 Metre Erkek Bayrak Tak\u0131m\u0131: 41.49 (Bronz Madalya)<\/li>\n\n\n\n<li>Eren Keser, 400 Metre: 47.60 (4.)<\/li>\n\n\n\n<li>Emre \u00c7olak, \u00dc\u00e7 Ad\u0131m Atlama: 15.18 Metre (4.)<\/li>\n\n\n\n<li>Yusuf \u015een\u00f6deyici, Uzun Atlama: 7.29 Metre (5.)<\/li>\n\n\n\n<li>Berfin Babat, 400 Metre: 56.14 (9.)<\/li>\n\n\n\n<li>Ekin Yurtta\u015f, 100 Metre: 12.03 (9.)<\/li>\n\n\n\n<li>Yusuf \u0130slam Aky\u00fcz, \u00c7eki\u00e7 Atma: 58.18 Metre (10.)<\/li>\n\n\n\n<li>\u00d6zg\u00fc \u00c7olak, Y\u00fcksek Atlama: 1.65 Metre (10.)<\/li>\n\n\n\n<li>Toprak Ege \u00d6zdemir, 100 Metre: 10.93 (14.)<\/li>\n<\/ul>\n","protected":false},"excerpt":{"rendered":"<p>U20 Balkan \u015eampiyonas\u0131 12-13 Temmuz tarihleri aras\u0131nda Romanya\u2019da ger\u00e7ekle\u015fti. Fenerbah\u00e7eli milli atletlerimiz, organizasyonda 1 Alt\u0131n, 1 G\u00fcm\u00fc\u015f ve 4 Bronz madalyan\u0131n sahibi olarak ba\u015far\u0131l\u0131 sonu\u00e7lar elde etti. Milli tak\u0131m\u0131m\u0131z ise \u00fclkeler s\u0131ralamas\u0131nda 143 puanla Balkan ikincisi olurken, Romanya 154 puanla birinci, Yunanistan 137.5 puanla \u00fc\u00e7\u00fcnc\u00fc oldu. Sporcular\u0131m\u0131z\u0131n \u015fampiyonada kazand\u0131\u011f\u0131 madalyalar ve elde ettikleri dereceler \u015fu [&hellip;]<\/p>\n","protected":false},"author":1,"featured_media":1279,"comment_status":"closed","ping_status":"closed","sticky":false,"template":"","format":"standard","meta":{"jnews-multi-image_gallery":[],"jnews_single_post":{"format":"standard","override":[{"template":"1","parallax":"1","fullscreen":"1","layout":"right-sidebar","sidebar":"mysidebar","second_sidebar":"default-sidebar","sticky_sidebar":"1","share_position":"float","share_float_style":"share-normal","show_share_counter":"1","show_view_counter":"1","show_featured":"1","show_post_meta":"1","show_post_author_image":"1","show_post_date":"1","post_date_format":"default","post_date_format_custom":"Y\/m\/d","show_post_reading_time":"0","post_reading_time_wpm":"300","post_calculate_word_method":"str_word_count","show_zoom_button":"0","zoom_button_out_step":"2","zoom_button_in_step":"3","show_prev_next_post":"1","number_popup_post":"3","show_author_box":"0","show_post_related":"0","show_inline_post_related":"0"}],"image_override":[{"single_post_thumbnail_size":"crop-500","single_post_gallery_size":"crop-500"}],"trending_post_position":"meta","trending_post_label":"Trending","sponsored_post_label":"Sponsored by","disable_ad":"0"},"jnews_primary_category":{"id":"13"},"jnews_social_meta":[],"jnews_override_counter":{"view_counter_number":"0","share_counter_number":"0","like_counter_number":"0","dislike_counter_number":"0"},"footnotes":""},"categories":[13,2],"tags":[32,23],"class_list":["post-28252","post","type-post","status-publish","format-standard","has-post-thumbnail","hentry","category-atletizm","category-haberler","tag-atletizm","tag-fenerbahce"],"amp_enabled":true,"_links":{"self":[{"href":"https:\/\/www.fener.org\/index.php\/wp-json\/wp\/v2\/posts\/28252","targetHints":{"allow":["GET"]}}],"collection":[{"href":"https:\/\/www.fener.org\/index.php\/wp-json\/wp\/v2\/posts"}],"about":[{"href":"https:\/\/www.fener.org\/index.php\/wp-json\/wp\/v2\/types\/post"}],"author":[{"embeddable":true,"href":"https:\/\/www.fener.org\/index.php\/wp-json\/wp\/v2\/users\/1"}],"replies":[{"embeddable":true,"href":"https:\/\/www.fener.org\/index.php\/wp-json\/wp\/v2\/comments?post=28252"}],"version-history":[{"count":1,"href":"https:\/\/www.fener.org\/index.php\/wp-json\/wp\/v2\/posts\/28252\/revisions"}],"predecessor-version":[{"id":28253,"href":"https:\/\/www.fener.org\/index.php\/wp-json\/wp\/v2\/posts\/28252\/revisions\/28253"}],"wp:featuredmedia":[{"embeddable":true,"href":"https:\/\/www.fener.org\/index.php\/wp-json\/wp\/v2\/media\/1279"}],"wp:attachment":[{"href":"https:\/\/www.fener.org\/index.php\/wp-json\/wp\/v2\/media?parent=28252"}],"wp:term":[{"taxonomy":"category","embeddable":true,"href":"https:\/\/www.fener.org\/index.php\/wp-json\/wp\/v2\/categories?post=28252"},{"taxonomy":"post_tag","embeddable":true,"href":"https:\/\/www.fener.org\/index.php\/wp-json\/wp\/v2\/tags?post=28252"}],"curies":[{"name":"wp","href":"https:\/\/api.w.org\/{rel}","templated":true}]}}