{"id":28206,"date":"2025-07-06T22:09:46","date_gmt":"2025-07-06T19:09:46","guid":{"rendered":"https:\/\/www.fener.org\/?p=28206"},"modified":"2025-07-06T22:09:51","modified_gmt":"2025-07-06T19:09:51","slug":"boksorlerimiz-world-boxing-cupi-6-madalyayla-tamamladi","status":"publish","type":"post","link":"https:\/\/www.fener.org\/index.php\/2025\/07\/06\/boksorlerimiz-world-boxing-cupi-6-madalyayla-tamamladi\/","title":{"rendered":"Boks\u00f6rlerimiz, World Boxing Cup\u2019\u0131 6 madalyayla tamamlad\u0131"},"content":{"rendered":"\n<p>Kazakistan\u2019\u0131n Astana kentinde yap\u0131lan World Boxing Cup\u2019ta m\u00fccadele eden boks\u00f6rlerimiz, organizasyonu 2 g\u00fcm\u00fc\u015f, 4 bronz toplamda 6 madalya ile tamamlad\u0131.<\/p>\n\n\n\n<p>Milli Tak\u0131mlar d\u00fcnya s\u0131ralamas\u0131 ve 2028 Olimpiyat Oyunlar\u0131 i\u00e7in puan toplanan bir m\u00fcsabaka olarak \u00f6ne \u00e7\u0131kan organizasyonda ringe \u00e7\u0131kan boks\u00f6rlerimizden Busenaz S\u00fcrmeneli ve Emrah Ya\u015far turnuvay\u0131 ikinci olarak g\u00fcm\u00fc\u015f madalyayla tamamlarken; Nurselen Yalgettekin, Samet Ersoy, \u015eeyma D\u00fczta\u015f ve B\u00fc\u015fra I\u015f\u0131ldar bronz madalyan\u0131n sahibi oldu.<\/p>\n","protected":false},"excerpt":{"rendered":"<p>Kazakistan\u2019\u0131n Astana kentinde yap\u0131lan World Boxing Cup\u2019ta m\u00fccadele eden boks\u00f6rlerimiz, organizasyonu 2 g\u00fcm\u00fc\u015f, 4 bronz toplamda 6 madalya ile tamamlad\u0131. Milli Tak\u0131mlar d\u00fcnya s\u0131ralamas\u0131 ve 2028 Olimpiyat Oyunlar\u0131 i\u00e7in puan toplanan bir m\u00fcsabaka olarak \u00f6ne \u00e7\u0131kan organizasyonda ringe \u00e7\u0131kan boks\u00f6rlerimizden Busenaz S\u00fcrmeneli ve Emrah Ya\u015far turnuvay\u0131 ikinci olarak g\u00fcm\u00fc\u015f madalyayla tamamlarken; Nurselen Yalgettekin, Samet Ersoy, [&hellip;]<\/p>\n","protected":false},"author":1,"featured_media":28207,"comment_status":"closed","ping_status":"closed","sticky":false,"template":"","format":"standard","meta":{"jnews-multi-image_gallery":[],"jnews_single_post":{"format":"standard","override":[{"template":"1","parallax":"1","fullscreen":"1","layout":"right-sidebar","sidebar":"mysidebar","second_sidebar":"default-sidebar","sticky_sidebar":"1","share_position":"float","share_float_style":"share-normal","show_share_counter":"1","show_view_counter":"1","show_featured":"1","show_post_meta":"1","show_post_author_image":"1","show_post_date":"1","post_date_format":"default","post_date_format_custom":"Y\/m\/d","show_post_reading_time":"0","post_reading_time_wpm":"300","post_calculate_word_method":"str_word_count","show_zoom_button":"0","zoom_button_out_step":"2","zoom_button_in_step":"3","show_prev_next_post":"1","number_popup_post":"3","show_author_box":"0","show_post_related":"0","show_inline_post_related":"0"}],"image_override":[{"single_post_thumbnail_size":"crop-500","single_post_gallery_size":"crop-500"}],"trending_post_position":"meta","trending_post_label":"Trending","sponsored_post_label":"Sponsored by","disable_ad":"0"},"jnews_primary_category":{"id":"15"},"jnews_social_meta":[],"jnews_override_counter":{"view_counter_number":"0","share_counter_number":"0","like_counter_number":"0","dislike_counter_number":"0"},"footnotes":""},"categories":[15,2],"tags":[34,23],"class_list":["post-28206","post","type-post","status-publish","format-standard","has-post-thumbnail","hentry","category-boks","category-haberler","tag-boks","tag-fenerbahce"],"amp_enabled":true,"_links":{"self":[{"href":"https:\/\/www.fener.org\/index.php\/wp-json\/wp\/v2\/posts\/28206","targetHints":{"allow":["GET"]}}],"collection":[{"href":"https:\/\/www.fener.org\/index.php\/wp-json\/wp\/v2\/posts"}],"about":[{"href":"https:\/\/www.fener.org\/index.php\/wp-json\/wp\/v2\/types\/post"}],"author":[{"embeddable":true,"href":"https:\/\/www.fener.org\/index.php\/wp-json\/wp\/v2\/users\/1"}],"replies":[{"embeddable":true,"href":"https:\/\/www.fener.org\/index.php\/wp-json\/wp\/v2\/comments?post=28206"}],"version-history":[{"count":1,"href":"https:\/\/www.fener.org\/index.php\/wp-json\/wp\/v2\/posts\/28206\/revisions"}],"predecessor-version":[{"id":28208,"href":"https:\/\/www.fener.org\/index.php\/wp-json\/wp\/v2\/posts\/28206\/revisions\/28208"}],"wp:featuredmedia":[{"embeddable":true,"href":"https:\/\/www.fener.org\/index.php\/wp-json\/wp\/v2\/media\/28207"}],"wp:attachment":[{"href":"https:\/\/www.fener.org\/index.php\/wp-json\/wp\/v2\/media?parent=28206"}],"wp:term":[{"taxonomy":"category","embeddable":true,"href":"https:\/\/www.fener.org\/index.php\/wp-json\/wp\/v2\/categories?post=28206"},{"taxonomy":"post_tag","embeddable":true,"href":"https:\/\/www.fener.org\/index.php\/wp-json\/wp\/v2\/tags?post=28206"}],"curies":[{"name":"wp","href":"https:\/\/api.w.org\/{rel}","templated":true}]}}