{"id":28190,"date":"2025-07-03T21:15:00","date_gmt":"2025-07-03T18:15:00","guid":{"rendered":"https:\/\/www.fener.org\/?p=28190"},"modified":"2025-07-05T23:11:54","modified_gmt":"2025-07-05T20:11:54","slug":"kuzey-tuncelli-bir-kez-daha-avrupa-sampiyonu","status":"publish","type":"post","link":"https:\/\/www.fener.org\/index.php\/2025\/07\/03\/kuzey-tuncelli-bir-kez-daha-avrupa-sampiyonu\/","title":{"rendered":"Kuzey Tun\u00e7elli, bir kez daha Avrupa \u015eampiyonu"},"content":{"rendered":"\n<p>Fenerbah\u00e7e Y\u00fczme \u015eubemizin rekortmen sporcusu Kuzey Tun\u00e7elli, Slovakya\u2019da gurur duyulacak bir ba\u015far\u0131ya daha imza att\u0131 ve \u00fcst \u00fcste 3. kez Gen\u00e7ler Avrupa \u015eampiyonu oldu.<\/p>\n\n\n\n<p>T\u00fcrk sporunun lokomotifi Fenerbah\u00e7emizin Olimpik sporcusu Kuzey Tun\u00e7elli, Slovakya&#8217;da d\u00fczenlenen 2025 Avrupa Gen\u00e7ler Y\u00fczme \u015eampiyonas\u0131&#8217;nda 1500 metre finalinde suya girdi. K\u0131yas\u0131ya m\u00fccadele verdi\u011fi rakiplerini 14:45.05\u2019lik derecesiyle geride b\u0131rakan Kuzey, \u00fcst \u00fcste 3. kez Gen\u00e7ler Avrupa \u015eampiyonu olarak podyuma \u00e7\u0131kt\u0131.<\/p>\n\n\n\n<p>Kuzey Tun\u00e7elli\u2019nin ard\u0131ndan Alman y\u00fcz\u00fcc\u00fc Johannes Liebmann 14:53.15\u2019le ikinci, \u0130spanyol sporcu Cristobal Vargas Trujillo ise 15:11.34\u2019l\u00fck derecesiyle \u00fc\u00e7\u00fcnc\u00fc s\u0131rada yer ald\u0131.<\/p>\n\n\n\n<p>Rekortmen sporcumuz daha \u00f6nce Belgrad\u2019daki Su Sporlar\u0131 Avrupa \u015eampiyonas\u0131 (1500 metre serbest \/ 14:55.64) ve Litvanya\u2019n\u0131n Vilnius kentinin ev sahipli\u011findeki Avrupa Gen\u00e7ler Y\u00fczme \u015eampiyonas\u0131\u2019nda (1500 metre serbest \/ 14:41.89 \/ D\u00fcnya Gen\u00e7ler, Avrupa Gen\u00e7ler, \u015eampiyona, 17-18-19+ ya\u015f T\u00fcrkiye rekorlar\u0131) alt\u0131n madalyan\u0131n sahibi olmu\u015ftu.<\/p>\n","protected":false},"excerpt":{"rendered":"<p>Fenerbah\u00e7e Y\u00fczme \u015eubemizin rekortmen sporcusu Kuzey Tun\u00e7elli, Slovakya\u2019da gurur duyulacak bir ba\u015far\u0131ya daha imza att\u0131 ve \u00fcst \u00fcste 3. kez Gen\u00e7ler Avrupa \u015eampiyonu oldu. T\u00fcrk sporunun lokomotifi Fenerbah\u00e7emizin Olimpik sporcusu Kuzey Tun\u00e7elli, Slovakya&#8217;da d\u00fczenlenen 2025 Avrupa Gen\u00e7ler Y\u00fczme \u015eampiyonas\u0131&#8217;nda 1500 metre finalinde suya girdi. K\u0131yas\u0131ya m\u00fccadele verdi\u011fi rakiplerini 14:45.05\u2019lik derecesiyle geride b\u0131rakan Kuzey, \u00fcst \u00fcste [&hellip;]<\/p>\n","protected":false},"author":1,"featured_media":28191,"comment_status":"closed","ping_status":"closed","sticky":false,"template":"","format":"standard","meta":{"jnews-multi-image_gallery":[],"jnews_single_post":{"format":"standard","override":[{"template":"1","parallax":"1","fullscreen":"1","layout":"right-sidebar","sidebar":"mysidebar","second_sidebar":"default-sidebar","sticky_sidebar":"1","share_position":"float","share_float_style":"share-normal","show_share_counter":"1","show_view_counter":"1","show_featured":"1","show_post_meta":"1","show_post_author_image":"1","show_post_date":"1","post_date_format":"default","post_date_format_custom":"Y\/m\/d","show_post_reading_time":"0","post_reading_time_wpm":"300","post_calculate_word_method":"str_word_count","show_zoom_button":"0","zoom_button_out_step":"2","zoom_button_in_step":"3","show_prev_next_post":"1","number_popup_post":"3","show_author_box":"0","show_post_related":"0","show_inline_post_related":"0"}],"image_override":[{"single_post_thumbnail_size":"crop-500","single_post_gallery_size":"crop-500"}],"trending_post_position":"meta","trending_post_label":"Trending","sponsored_post_label":"Sponsored by","disable_ad":"0"},"jnews_primary_category":{"id":"14"},"jnews_social_meta":[],"jnews_override_counter":{"view_counter_number":"0","share_counter_number":"0","like_counter_number":"0","dislike_counter_number":"0"},"footnotes":""},"categories":[2,14],"tags":[23,33],"class_list":["post-28190","post","type-post","status-publish","format-standard","has-post-thumbnail","hentry","category-haberler","category-yuzme","tag-fenerbahce","tag-yuzme"],"amp_enabled":true,"_links":{"self":[{"href":"https:\/\/www.fener.org\/index.php\/wp-json\/wp\/v2\/posts\/28190","targetHints":{"allow":["GET"]}}],"collection":[{"href":"https:\/\/www.fener.org\/index.php\/wp-json\/wp\/v2\/posts"}],"about":[{"href":"https:\/\/www.fener.org\/index.php\/wp-json\/wp\/v2\/types\/post"}],"author":[{"embeddable":true,"href":"https:\/\/www.fener.org\/index.php\/wp-json\/wp\/v2\/users\/1"}],"replies":[{"embeddable":true,"href":"https:\/\/www.fener.org\/index.php\/wp-json\/wp\/v2\/comments?post=28190"}],"version-history":[{"count":1,"href":"https:\/\/www.fener.org\/index.php\/wp-json\/wp\/v2\/posts\/28190\/revisions"}],"predecessor-version":[{"id":28192,"href":"https:\/\/www.fener.org\/index.php\/wp-json\/wp\/v2\/posts\/28190\/revisions\/28192"}],"wp:featuredmedia":[{"embeddable":true,"href":"https:\/\/www.fener.org\/index.php\/wp-json\/wp\/v2\/media\/28191"}],"wp:attachment":[{"href":"https:\/\/www.fener.org\/index.php\/wp-json\/wp\/v2\/media?parent=28190"}],"wp:term":[{"taxonomy":"category","embeddable":true,"href":"https:\/\/www.fener.org\/index.php\/wp-json\/wp\/v2\/categories?post=28190"},{"taxonomy":"post_tag","embeddable":true,"href":"https:\/\/www.fener.org\/index.php\/wp-json\/wp\/v2\/tags?post=28190"}],"curies":[{"name":"wp","href":"https:\/\/api.w.org\/{rel}","templated":true}]}}