{"id":28174,"date":"2025-06-30T21:58:05","date_gmt":"2025-06-30T18:58:05","guid":{"rendered":"https:\/\/www.fener.org\/?p=28174"},"modified":"2025-06-30T21:58:15","modified_gmt":"2025-06-30T18:58:15","slug":"atletlerimiz-eskisehirden-turkiye-rekorlariyla-donuyor","status":"publish","type":"post","link":"https:\/\/www.fener.org\/index.php\/2025\/06\/30\/atletlerimiz-eskisehirden-turkiye-rekorlariyla-donuyor\/","title":{"rendered":"Atletlerimiz Eski\u015fehir\u2019den T\u00fcrkiye rekorlar\u0131yla d\u00f6n\u00fcyor"},"content":{"rendered":"\n<p>Eski\u015fehir\u2019in ev sahipli\u011finde d\u00fczenlenen Olimpik Deneme yar\u0131\u015fmalar\u0131nda m\u00fccadele eden atletlerimiz, k\u0131rd\u0131klar\u0131 T\u00fcrkiye rekorlar\u0131yla ad\u0131ndan s\u00f6z ettirdi.<\/p>\n\n\n\n<p>Organizasyonda piste \u00e7\u0131kan atletlerimizden Berfin Babat ile O\u011fuzhan Zeki Ye\u015filobal\u0131gil, 300 metre engeldeki dereceleriyle zirvede yer ald\u0131. Sporcumuz Berfin Babat 42.53\u2019l\u00fck derecesiyle, bir di\u011fer atletimiz O\u011fuzhan Zeki Ye\u015filobal\u0131gil de 36.91\u2019le U18 T\u00fcrkiye rekorlar\u0131n\u0131n sahibi oldular. Yar\u0131\u015flarda m\u00fccadele eden Fenerbah\u00e7eli atletlerimizden \u0130lkim Alt\u0131nbulak ise 300 metre engeldeki 41.89\u2019luk derecesiyle U20 ve b\u00fcy\u00fck kad\u0131nlarda T\u00fcrkiye rekoru k\u0131rma ba\u015far\u0131s\u0131 g\u00f6sterdi.<\/p>\n","protected":false},"excerpt":{"rendered":"<p>Eski\u015fehir\u2019in ev sahipli\u011finde d\u00fczenlenen Olimpik Deneme yar\u0131\u015fmalar\u0131nda m\u00fccadele eden atletlerimiz, k\u0131rd\u0131klar\u0131 T\u00fcrkiye rekorlar\u0131yla ad\u0131ndan s\u00f6z ettirdi. Organizasyonda piste \u00e7\u0131kan atletlerimizden Berfin Babat ile O\u011fuzhan Zeki Ye\u015filobal\u0131gil, 300 metre engeldeki dereceleriyle zirvede yer ald\u0131. Sporcumuz Berfin Babat 42.53\u2019l\u00fck derecesiyle, bir di\u011fer atletimiz O\u011fuzhan Zeki Ye\u015filobal\u0131gil de 36.91\u2019le U18 T\u00fcrkiye rekorlar\u0131n\u0131n sahibi oldular. Yar\u0131\u015flarda m\u00fccadele eden Fenerbah\u00e7eli [&hellip;]<\/p>\n","protected":false},"author":1,"featured_media":1279,"comment_status":"closed","ping_status":"closed","sticky":false,"template":"","format":"standard","meta":{"jnews-multi-image_gallery":[],"jnews_single_post":{"format":"standard","override":[{"template":"1","parallax":"1","fullscreen":"1","layout":"right-sidebar","sidebar":"mysidebar","second_sidebar":"default-sidebar","sticky_sidebar":"1","share_position":"float","share_float_style":"share-normal","show_share_counter":"1","show_view_counter":"1","show_featured":"1","show_post_meta":"1","show_post_author_image":"1","show_post_date":"1","post_date_format":"default","post_date_format_custom":"Y\/m\/d","show_post_reading_time":"0","post_reading_time_wpm":"300","post_calculate_word_method":"str_word_count","show_zoom_button":"0","zoom_button_out_step":"2","zoom_button_in_step":"3","show_prev_next_post":"1","number_popup_post":"3","show_author_box":"0","show_post_related":"0","show_inline_post_related":"0"}],"image_override":[{"single_post_thumbnail_size":"crop-500","single_post_gallery_size":"crop-500"}],"trending_post_position":"meta","trending_post_label":"Trending","sponsored_post_label":"Sponsored by","disable_ad":"0"},"jnews_primary_category":{"id":"13"},"jnews_social_meta":[],"jnews_override_counter":{"view_counter_number":"0","share_counter_number":"0","like_counter_number":"0","dislike_counter_number":"0"},"footnotes":""},"categories":[13,2],"tags":[32,23],"class_list":["post-28174","post","type-post","status-publish","format-standard","has-post-thumbnail","hentry","category-atletizm","category-haberler","tag-atletizm","tag-fenerbahce"],"amp_enabled":true,"_links":{"self":[{"href":"https:\/\/www.fener.org\/index.php\/wp-json\/wp\/v2\/posts\/28174","targetHints":{"allow":["GET"]}}],"collection":[{"href":"https:\/\/www.fener.org\/index.php\/wp-json\/wp\/v2\/posts"}],"about":[{"href":"https:\/\/www.fener.org\/index.php\/wp-json\/wp\/v2\/types\/post"}],"author":[{"embeddable":true,"href":"https:\/\/www.fener.org\/index.php\/wp-json\/wp\/v2\/users\/1"}],"replies":[{"embeddable":true,"href":"https:\/\/www.fener.org\/index.php\/wp-json\/wp\/v2\/comments?post=28174"}],"version-history":[{"count":1,"href":"https:\/\/www.fener.org\/index.php\/wp-json\/wp\/v2\/posts\/28174\/revisions"}],"predecessor-version":[{"id":28175,"href":"https:\/\/www.fener.org\/index.php\/wp-json\/wp\/v2\/posts\/28174\/revisions\/28175"}],"wp:featuredmedia":[{"embeddable":true,"href":"https:\/\/www.fener.org\/index.php\/wp-json\/wp\/v2\/media\/1279"}],"wp:attachment":[{"href":"https:\/\/www.fener.org\/index.php\/wp-json\/wp\/v2\/media?parent=28174"}],"wp:term":[{"taxonomy":"category","embeddable":true,"href":"https:\/\/www.fener.org\/index.php\/wp-json\/wp\/v2\/categories?post=28174"},{"taxonomy":"post_tag","embeddable":true,"href":"https:\/\/www.fener.org\/index.php\/wp-json\/wp\/v2\/tags?post=28174"}],"curies":[{"name":"wp","href":"https:\/\/api.w.org\/{rel}","templated":true}]}}