{"id":28164,"date":"2025-06-28T18:30:49","date_gmt":"2025-06-28T15:30:49","guid":{"rendered":"https:\/\/www.fener.org\/?p=28164"},"modified":"2025-06-28T18:30:57","modified_gmt":"2025-06-28T15:30:57","slug":"milli-yuzucumuz-ece-ungor-bir-ilki-daha-basardi","status":"publish","type":"post","link":"https:\/\/www.fener.org\/index.php\/2025\/06\/28\/milli-yuzucumuz-ece-ungor-bir-ilki-daha-basardi\/","title":{"rendered":"Milli y\u00fcz\u00fcc\u00fcm\u00fcz Ece \u00dcng\u00f6r, bir ilki daha ba\u015fard\u0131"},"content":{"rendered":"\n<p>Fenerbah\u00e7emizin milli y\u00fcz\u00fcc\u00fcs\u00fc Ece \u00dcng\u00f6r, T\u00fcrkiye tarihinde bir ilki ba\u015fararak, Avrupa Gen\u00e7ler Artistik Y\u00fczme \u015eampiyonas\u0131 Serbest Solo kategorisinde be\u015finci oldu.<\/p>\n\n\n\n<p>Yunanistan&#8217;\u0131n Atina kentinde d\u00fczenlenen Avrupa Gen\u00e7ler Artistik Y\u00fczme \u015eampiyonas\u0131\u2019nda yar\u0131\u015fan sporcumuz Ece \u00dcng\u00f6r, bir ilki daha ba\u015fard\u0131. \u00d6zellikle son d\u00f6nemde elde etti\u011fi ba\u015far\u0131larla ad\u0131ndan s\u0131k\u00e7a s\u00f6z ettiren sporcumuz, Atina\u2019da g\u00f6sterdi\u011fi ba\u015far\u0131l\u0131 performans sonucunda elde etti\u011fi 198.8563 puanla be\u015finci s\u0131ray\u0131 ald\u0131.<\/p>\n\n\n\n<p>Ge\u00e7ti\u011fimiz g\u00fcnlerde Avrupa Artistik Y\u00fczme \u015eampiyonas\u0131\u2019nda 6. olan \u00dcng\u00f6r, Artistik Y\u00fczme D\u00fcnya Kupas\u0131\u2019nda da 7. olmu\u015f ve ilkleri ba\u015farm\u0131\u015ft\u0131.<\/p>\n","protected":false},"excerpt":{"rendered":"<p>Fenerbah\u00e7emizin milli y\u00fcz\u00fcc\u00fcs\u00fc Ece \u00dcng\u00f6r, T\u00fcrkiye tarihinde bir ilki ba\u015fararak, Avrupa Gen\u00e7ler Artistik Y\u00fczme \u015eampiyonas\u0131 Serbest Solo kategorisinde be\u015finci oldu. Yunanistan&#8217;\u0131n Atina kentinde d\u00fczenlenen Avrupa Gen\u00e7ler Artistik Y\u00fczme \u015eampiyonas\u0131\u2019nda yar\u0131\u015fan sporcumuz Ece \u00dcng\u00f6r, bir ilki daha ba\u015fard\u0131. \u00d6zellikle son d\u00f6nemde elde etti\u011fi ba\u015far\u0131larla ad\u0131ndan s\u0131k\u00e7a s\u00f6z ettiren sporcumuz, Atina\u2019da g\u00f6sterdi\u011fi ba\u015far\u0131l\u0131 performans sonucunda elde etti\u011fi [&hellip;]<\/p>\n","protected":false},"author":1,"featured_media":28165,"comment_status":"closed","ping_status":"closed","sticky":false,"template":"","format":"standard","meta":{"jnews-multi-image_gallery":[],"jnews_single_post":{"format":"standard","override":[{"template":"1","parallax":"1","fullscreen":"1","layout":"right-sidebar","sidebar":"mysidebar","second_sidebar":"default-sidebar","sticky_sidebar":"1","share_position":"float","share_float_style":"share-normal","show_share_counter":"1","show_view_counter":"1","show_featured":"1","show_post_meta":"1","show_post_author_image":"1","show_post_date":"1","post_date_format":"default","post_date_format_custom":"Y\/m\/d","show_post_reading_time":"0","post_reading_time_wpm":"300","post_calculate_word_method":"str_word_count","show_zoom_button":"0","zoom_button_out_step":"2","zoom_button_in_step":"3","show_prev_next_post":"1","number_popup_post":"3","show_author_box":"0","show_post_related":"0","show_inline_post_related":"0"}],"image_override":[{"single_post_thumbnail_size":"crop-500","single_post_gallery_size":"crop-500"}],"trending_post_position":"meta","trending_post_label":"Trending","sponsored_post_label":"Sponsored by","disable_ad":"0"},"jnews_primary_category":{"id":"14"},"jnews_social_meta":[],"jnews_override_counter":{"view_counter_number":"0","share_counter_number":"0","like_counter_number":"0","dislike_counter_number":"0"},"footnotes":""},"categories":[2,14],"tags":[23,33],"class_list":["post-28164","post","type-post","status-publish","format-standard","has-post-thumbnail","hentry","category-haberler","category-yuzme","tag-fenerbahce","tag-yuzme"],"amp_enabled":true,"_links":{"self":[{"href":"https:\/\/www.fener.org\/index.php\/wp-json\/wp\/v2\/posts\/28164","targetHints":{"allow":["GET"]}}],"collection":[{"href":"https:\/\/www.fener.org\/index.php\/wp-json\/wp\/v2\/posts"}],"about":[{"href":"https:\/\/www.fener.org\/index.php\/wp-json\/wp\/v2\/types\/post"}],"author":[{"embeddable":true,"href":"https:\/\/www.fener.org\/index.php\/wp-json\/wp\/v2\/users\/1"}],"replies":[{"embeddable":true,"href":"https:\/\/www.fener.org\/index.php\/wp-json\/wp\/v2\/comments?post=28164"}],"version-history":[{"count":1,"href":"https:\/\/www.fener.org\/index.php\/wp-json\/wp\/v2\/posts\/28164\/revisions"}],"predecessor-version":[{"id":28166,"href":"https:\/\/www.fener.org\/index.php\/wp-json\/wp\/v2\/posts\/28164\/revisions\/28166"}],"wp:featuredmedia":[{"embeddable":true,"href":"https:\/\/www.fener.org\/index.php\/wp-json\/wp\/v2\/media\/28165"}],"wp:attachment":[{"href":"https:\/\/www.fener.org\/index.php\/wp-json\/wp\/v2\/media?parent=28164"}],"wp:term":[{"taxonomy":"category","embeddable":true,"href":"https:\/\/www.fener.org\/index.php\/wp-json\/wp\/v2\/categories?post=28164"},{"taxonomy":"post_tag","embeddable":true,"href":"https:\/\/www.fener.org\/index.php\/wp-json\/wp\/v2\/tags?post=28164"}],"curies":[{"name":"wp","href":"https:\/\/api.w.org\/{rel}","templated":true}]}}