{"id":2809,"date":"2018-11-03T00:19:23","date_gmt":"2018-11-02T21:19:23","guid":{"rendered":"https:\/\/www.fener.org\/?p=2809"},"modified":"2018-11-03T00:19:23","modified_gmt":"2018-11-02T21:19:23","slug":"erwin-koeman-kazanamadigimiz-icin-uzgunum","status":"publish","type":"post","link":"https:\/\/www.fener.org\/index.php\/2018\/11\/03\/erwin-koeman-kazanamadigimiz-icin-uzgunum\/","title":{"rendered":"Erwin Koeman: Kazanamad\u0131\u011f\u0131m\u0131z i\u00e7in \u00fczg\u00fcn\u00fcm"},"content":{"rendered":"<p>Fenerbah\u00e7e&#8217;nin ba\u015f\u0131nda Galatasaray derbisine \u00e7\u0131kan yard\u0131mc\u0131 antren\u00f6r Erwin Koeman ma\u00e7\u0131 de\u011ferlendirirken, &#8220;Bir oyun plan\u0131m\u0131z vard\u0131 ve bu da i\u015fe yarad\u0131. \u0130lk yar\u0131da daha iyi pozisyonlar yakalad\u0131k. Gol\u00fc yememize kar\u015f\u0131n bizim i\u00e7in i\u015fler fena gitmiyordu. Disiplinli oynad\u0131k. 2. yar\u0131 erken dakikada gol\u00fc yedik. 2-0&#8217;dan sonra rakip geri \u00e7ekildi. Topun bizde kalmas\u0131n\u0131 sa\u011flad\u0131k. Sonlarda 2-2&#8217;yi yakalad\u0131k. Net f\u0131rsatlar\u0131m\u0131z vard\u0131. Ma\u00e7\u0131 kazanmal\u0131yd\u0131k. 3-2&#8217;iyi bulabilirdik. Kazanamad\u0131\u011f\u0131m\u0131z i\u00e7in \u00fczg\u00fcn\u00fcm.&#8221; dedi.<\/p>\n<p>Valbuena&#8217;n\u0131n 11&#8217;de \u00e7\u0131kmas\u0131n\u0131n s\u00fcrpriz olarak de\u011ferlendirildi\u011fi ve Phillip Cocu&#8217;nun oynatmad\u0131\u011f\u0131n\u0131n hat\u0131rlat\u0131lmas\u0131 \u00fczerine ise Hollandal\u0131, &#8220;Phillip ile hi\u00e7bir zaman g\u00f6r\u00fc\u015f ayr\u0131l\u0131\u011f\u0131 ya\u015famad\u0131m. Birinci hoca odur. Her zaman da onun kararlar\u0131na sayg\u0131 duydum. Bu ma\u00e7a 11&#8217;de \u00e7\u0131kmas\u0131 sizin i\u00e7in s\u00fcrprizdi. Bu y\u00fczden ben futbol antren\u00f6r\u00fcy\u00fcm.&#8221; ifadelerini kulland\u0131.<\/p>\n<p>Ewin Koeman g\u00f6revine devam edip etmeyece\u011fi konusunda ise &#8220;Bu i\u015fe karar verebilecek tek bir ki\u015fi ba\u015fkan\u0131m\u0131z. Kul\u00fcple s\u00f6zle\u015fmemiz var. \u0130\u015fimizi yap\u0131yoruz. Pazartesi de olabilir, gelecek ay da olabilir, bilemeyiz. Kontrat\u0131m\u0131z devam ediyor ve biz de elimizden gelenin en iyisini yap\u0131yoruz.&#8221; demekle yetindi.<\/p>\n","protected":false},"excerpt":{"rendered":"<p>Fenerbah\u00e7e&#8217;nin ba\u015f\u0131nda Galatasaray derbisine \u00e7\u0131kan yard\u0131mc\u0131 antren\u00f6r Erwin Koeman ma\u00e7\u0131 de\u011ferlendirirken, &#8220;Bir oyun plan\u0131m\u0131z vard\u0131 ve bu da i\u015fe yarad\u0131. \u0130lk yar\u0131da daha iyi pozisyonlar yakalad\u0131k. Gol\u00fc yememize kar\u015f\u0131n bizim i\u00e7in i\u015fler fena gitmiyordu. Disiplinli oynad\u0131k. 2. yar\u0131 erken dakikada gol\u00fc yedik. 2-0&#8217;dan sonra rakip geri \u00e7ekildi. Topun bizde kalmas\u0131n\u0131 sa\u011flad\u0131k. Sonlarda 2-2&#8217;yi yakalad\u0131k. Net [&hellip;]<\/p>\n","protected":false},"author":1,"featured_media":2810,"comment_status":"closed","ping_status":"closed","sticky":false,"template":"","format":"standard","meta":{"jnews-multi-image_gallery":[],"jnews_single_post":{"override_template":"0","override":[{"template":"1","single_blog_custom":"","parallax":"1","fullscreen":"0","layout":"right-sidebar","sidebar":"default-sidebar","second_sidebar":"default-sidebar","sticky_sidebar":"1","share_position":"top","share_float_style":"share-monocrhome","show_share_counter":"1","show_view_counter":"1","show_featured":"1","show_post_meta":"1","show_post_author":"1","show_post_author_image":"1","show_post_date":"1","post_date_format":"default","post_date_format_custom":"Y\/m\/d","show_post_category":"1","show_post_tag":"1","show_prev_next_post":"1","show_popup_post":"1","number_popup_post":"1","show_author_box":"0","show_post_related":"1","show_inline_post_related":"0"}],"override_image_size":"0","image_override":[{"single_post_thumbnail_size":"crop-500","single_post_gallery_size":"crop-500"}],"trending_post":"0","trending_post_position":"meta","trending_post_label":"Trending"},"jnews_primary_category":{"id":"4"},"jnews_social_meta":{"fb_title":"","fb_description":"","fb_image":"","twitter_title":"","twitter_description":"","twitter_image":""},"jnews_override_counter":{"override_view_counter":"0","view_counter_number":"0","override_share_counter":"0","share_counter_number":"0","override_like_counter":"0","like_counter_number":"0","override_dislike_counter":"0","dislike_counter_number":"0"},"footnotes":""},"categories":[4,2,47],"tags":[54,53],"class_list":["post-2809","post","type-post","status-publish","format-standard","has-post-thumbnail","hentry","category-futbol","category-haberler","category-profesyonel-a-futbol-takimi","tag-futbol","tag-profesyonel-a-futbol-takimi"],"amp_enabled":true,"_links":{"self":[{"href":"https:\/\/www.fener.org\/index.php\/wp-json\/wp\/v2\/posts\/2809","targetHints":{"allow":["GET"]}}],"collection":[{"href":"https:\/\/www.fener.org\/index.php\/wp-json\/wp\/v2\/posts"}],"about":[{"href":"https:\/\/www.fener.org\/index.php\/wp-json\/wp\/v2\/types\/post"}],"author":[{"embeddable":true,"href":"https:\/\/www.fener.org\/index.php\/wp-json\/wp\/v2\/users\/1"}],"replies":[{"embeddable":true,"href":"https:\/\/www.fener.org\/index.php\/wp-json\/wp\/v2\/comments?post=2809"}],"version-history":[{"count":2,"href":"https:\/\/www.fener.org\/index.php\/wp-json\/wp\/v2\/posts\/2809\/revisions"}],"predecessor-version":[{"id":2812,"href":"https:\/\/www.fener.org\/index.php\/wp-json\/wp\/v2\/posts\/2809\/revisions\/2812"}],"wp:featuredmedia":[{"embeddable":true,"href":"https:\/\/www.fener.org\/index.php\/wp-json\/wp\/v2\/media\/2810"}],"wp:attachment":[{"href":"https:\/\/www.fener.org\/index.php\/wp-json\/wp\/v2\/media?parent=2809"}],"wp:term":[{"taxonomy":"category","embeddable":true,"href":"https:\/\/www.fener.org\/index.php\/wp-json\/wp\/v2\/categories?post=2809"},{"taxonomy":"post_tag","embeddable":true,"href":"https:\/\/www.fener.org\/index.php\/wp-json\/wp\/v2\/tags?post=2809"}],"curies":[{"name":"wp","href":"https:\/\/api.w.org\/{rel}","templated":true}]}}