{"id":28043,"date":"2025-06-05T22:45:04","date_gmt":"2025-06-05T19:45:04","guid":{"rendered":"https:\/\/www.fener.org\/?p=28043"},"modified":"2025-06-05T22:45:09","modified_gmt":"2025-06-05T19:45:09","slug":"agnieszka-korneluk-fenerbahce-medicanada","status":"publish","type":"post","link":"https:\/\/www.fener.org\/index.php\/2025\/06\/05\/agnieszka-korneluk-fenerbahce-medicanada\/","title":{"rendered":"Agnieszka Korneluk Fenerbah\u00e7e Medicana&#8217;da"},"content":{"rendered":"\n<p>Fenerbah\u00e7e Medicana Kad\u0131n Voleybol Tak\u0131m\u0131m\u0131z, yeni sezon planlamas\u0131 kapsam\u0131nda Polonyal\u0131 orta oyuncu Agnieszka Korneluk\u2019u kadrosuna katt\u0131\u011f\u0131n\u0131 duyurdu.<\/p>\n\n\n\n<p>Kul\u00fcb\u00fcm\u00fczden yap\u0131lan a\u00e7\u0131klamada \u015f\u00f6yle denildi:<\/p>\n\n\n\n<blockquote class=\"wp-block-quote is-layout-flow wp-block-quote-is-layout-flow\">\n<p>Fenerbah\u00e7e Medicana Kad\u0131n Voleybol Tak\u0131m\u0131m\u0131z, yeni sezon planlamas\u0131 kapsam\u0131nda Polonyal\u0131 orta oyuncu Agnieszka Korneluk\u2019u kadrosuna katt\u0131.<\/p>\n\n\n\n<p>2009-2010 sezonunda KS Energetyk Poznan ile profesyonel kariyerine ba\u015flayan Agnieszka s\u0131ras\u0131yla; SMS PZPS Szczyrk, Impel Wroclaw, Grot Budowlani Lodz, Epiu Pomi Casalmaggiore, Savino Del Bene Scandicci, Grupa Azoty Chemik Police ve KS DevelopRes Rzeszow formalar\u0131n\u0131 terletti.<\/p>\n\n\n\n<p>2022-2023 ve 2023-2024 sezonlar\u0131 Polonya Ligi \u2018En \u0130yi Orta Oyuncu\u2019 ve \u2018MVP\u2019 \u00f6d\u00fcllerinin sahibi Agnieszka, 2024 Voleybol Milletler Ligi \u2018En \u0130yi Orta Oyuncu\u2019 ve 2023 Voleybol Milletler Ligi \u2018En \u0130yi Blok Yapan Oyuncu\u2019 \u00f6d\u00fcllerinin de sahibi oldu.<\/p>\n\n\n\n<p>Agnieszka Korneluk\u2019a Ailemize ho\u015f geldin diyor, \u00e7ubuklu forma ile sonsuz ba\u015far\u0131lar diliyoruz.<\/p>\n<\/blockquote>\n","protected":false},"excerpt":{"rendered":"<p>Fenerbah\u00e7e Medicana Kad\u0131n Voleybol Tak\u0131m\u0131m\u0131z, yeni sezon planlamas\u0131 kapsam\u0131nda Polonyal\u0131 orta oyuncu Agnieszka Korneluk\u2019u kadrosuna katt\u0131\u011f\u0131n\u0131 duyurdu. Kul\u00fcb\u00fcm\u00fczden yap\u0131lan a\u00e7\u0131klamada \u015f\u00f6yle denildi: Fenerbah\u00e7e Medicana Kad\u0131n Voleybol Tak\u0131m\u0131m\u0131z, yeni sezon planlamas\u0131 kapsam\u0131nda Polonyal\u0131 orta oyuncu Agnieszka Korneluk\u2019u kadrosuna katt\u0131. 2009-2010 sezonunda KS Energetyk Poznan ile profesyonel kariyerine ba\u015flayan Agnieszka s\u0131ras\u0131yla; SMS PZPS Szczyrk, Impel Wroclaw, Grot [&hellip;]<\/p>\n","protected":false},"author":1,"featured_media":28044,"comment_status":"closed","ping_status":"closed","sticky":false,"template":"","format":"standard","meta":{"jnews-multi-image_gallery":[],"jnews_single_post":{"format":"standard","override":[{"template":"1","parallax":"1","fullscreen":"1","layout":"right-sidebar","sidebar":"mysidebar","second_sidebar":"default-sidebar","sticky_sidebar":"1","share_position":"float","share_float_style":"share-normal","show_share_counter":"1","show_view_counter":"1","show_featured":"1","show_post_meta":"1","show_post_author_image":"1","show_post_date":"1","post_date_format":"default","post_date_format_custom":"Y\/m\/d","show_post_reading_time":"0","post_reading_time_wpm":"300","post_calculate_word_method":"str_word_count","show_zoom_button":"0","zoom_button_out_step":"2","zoom_button_in_step":"3","show_prev_next_post":"1","number_popup_post":"3","show_author_box":"0","show_post_related":"0","show_inline_post_related":"0"}],"image_override":[{"single_post_thumbnail_size":"crop-500","single_post_gallery_size":"crop-500"}],"trending_post_position":"meta","trending_post_label":"Trending","sponsored_post_label":"Sponsored by","disable_ad":"0","subtitle":"Fenerbah\u00e7e Kad\u0131n Voleybol Tak\u0131m\u0131m\u0131z, Polonyal\u0131 orta oyuncu Agnieszka Korneluk\u2019u renklerine ba\u011flad\u0131."},"jnews_primary_category":{"id":"8"},"jnews_social_meta":[],"jnews_override_counter":{"view_counter_number":"0","share_counter_number":"0","like_counter_number":"0","dislike_counter_number":"0"},"footnotes":""},"categories":[2,10,8],"tags":[23,29],"class_list":["post-28043","post","type-post","status-publish","format-standard","has-post-thumbnail","hentry","category-haberler","category-kadin-voleybol","category-voleybol","tag-fenerbahce","tag-voleybol"],"amp_enabled":true,"_links":{"self":[{"href":"https:\/\/www.fener.org\/index.php\/wp-json\/wp\/v2\/posts\/28043","targetHints":{"allow":["GET"]}}],"collection":[{"href":"https:\/\/www.fener.org\/index.php\/wp-json\/wp\/v2\/posts"}],"about":[{"href":"https:\/\/www.fener.org\/index.php\/wp-json\/wp\/v2\/types\/post"}],"author":[{"embeddable":true,"href":"https:\/\/www.fener.org\/index.php\/wp-json\/wp\/v2\/users\/1"}],"replies":[{"embeddable":true,"href":"https:\/\/www.fener.org\/index.php\/wp-json\/wp\/v2\/comments?post=28043"}],"version-history":[{"count":1,"href":"https:\/\/www.fener.org\/index.php\/wp-json\/wp\/v2\/posts\/28043\/revisions"}],"predecessor-version":[{"id":28045,"href":"https:\/\/www.fener.org\/index.php\/wp-json\/wp\/v2\/posts\/28043\/revisions\/28045"}],"wp:featuredmedia":[{"embeddable":true,"href":"https:\/\/www.fener.org\/index.php\/wp-json\/wp\/v2\/media\/28044"}],"wp:attachment":[{"href":"https:\/\/www.fener.org\/index.php\/wp-json\/wp\/v2\/media?parent=28043"}],"wp:term":[{"taxonomy":"category","embeddable":true,"href":"https:\/\/www.fener.org\/index.php\/wp-json\/wp\/v2\/categories?post=28043"},{"taxonomy":"post_tag","embeddable":true,"href":"https:\/\/www.fener.org\/index.php\/wp-json\/wp\/v2\/tags?post=28043"}],"curies":[{"name":"wp","href":"https:\/\/api.w.org\/{rel}","templated":true}]}}