{"id":28029,"date":"2025-06-02T22:32:32","date_gmt":"2025-06-02T19:32:32","guid":{"rendered":"https:\/\/www.fener.org\/?p=28029"},"modified":"2025-06-02T22:32:37","modified_gmt":"2025-06-02T19:32:37","slug":"hande-baladin-fenerbahce-medicanada","status":"publish","type":"post","link":"https:\/\/www.fener.org\/index.php\/2025\/06\/02\/hande-baladin-fenerbahce-medicanada\/","title":{"rendered":"Hande Balad\u0131n Fenerbah\u00e7e Medicana&#8217;da"},"content":{"rendered":"\n<p>Fenerbah\u00e7e Medicana Kad\u0131n Voleybol Tak\u0131m\u0131m\u0131z, yeni sezon planlamas\u0131 kapsam\u0131nda milli sma\u00e7\u00f6r Hande Balad\u0131n\u2019\u0131 renklerine ba\u011flad\u0131\u011f\u0131n\u0131 a\u00e7\u0131klad\u0131.<\/p>\n\n\n\n<p>Kul\u00fcb\u00fcm\u00fczden yap\u0131lan a\u00e7\u0131klamada \u015f\u00f6yle denildi:<\/p>\n\n\n\n<blockquote class=\"wp-block-quote is-layout-flow wp-block-quote-is-layout-flow\">\n<p>Fenerbah\u00e7e Medicana Kad\u0131n Voleybol Tak\u0131m\u0131m\u0131z, yeni sezon planlamas\u0131 kapsam\u0131nda milli sma\u00e7\u00f6r Hande Balad\u0131n\u2019\u0131 kadrosuna katt\u0131.<br><br>Eczac\u0131ba\u015f\u0131 altyap\u0131s\u0131nda voleybola ba\u015flayan ve uzun y\u0131llar turuncu-beyazl\u0131 formay\u0131 ba\u015far\u0131yla terleten Hande; kul\u00fcp kariyerinde bir\u00e7ok ulusal ve uluslararas\u0131 ba\u015far\u0131ya imza att\u0131.<br><br>2015 y\u0131l\u0131nda Eczac\u0131ba\u015f\u0131 ile kariyerine profesyonel ad\u0131m atan ba\u015far\u0131l\u0131 sma\u00e7\u00f6r daha sonra s\u0131ras\u0131yla Galatasaray ve Sar\u0131yer Belediyespor formalar\u0131 giydi. Son olarak altyap\u0131s\u0131nda yeti\u015fti\u011fi Eczac\u0131ba\u015f\u0131 Dynavit formas\u0131 giyen Hande Balad\u0131n, yeni sezonda \u00e7ubuklu forma ile parkede olacak.<br><br>Hande Balad\u0131n\u2019a ailemize ho\u015f geldin diyor, \u00e7ubuklu forma ile sonsuz ba\u015far\u0131lar diliyoruz.<\/p>\n\n\n\n<p><strong>Fenerbah\u00e7e Spor Kul\u00fcb\u00fc<\/strong><\/p>\n<\/blockquote>\n","protected":false},"excerpt":{"rendered":"<p>Fenerbah\u00e7e Medicana Kad\u0131n Voleybol Tak\u0131m\u0131m\u0131z, yeni sezon planlamas\u0131 kapsam\u0131nda milli sma\u00e7\u00f6r Hande Balad\u0131n\u2019\u0131 renklerine ba\u011flad\u0131\u011f\u0131n\u0131 a\u00e7\u0131klad\u0131. Kul\u00fcb\u00fcm\u00fczden yap\u0131lan a\u00e7\u0131klamada \u015f\u00f6yle denildi: Fenerbah\u00e7e Medicana Kad\u0131n Voleybol Tak\u0131m\u0131m\u0131z, yeni sezon planlamas\u0131 kapsam\u0131nda milli sma\u00e7\u00f6r Hande Balad\u0131n\u2019\u0131 kadrosuna katt\u0131. Eczac\u0131ba\u015f\u0131 altyap\u0131s\u0131nda voleybola ba\u015flayan ve uzun y\u0131llar turuncu-beyazl\u0131 formay\u0131 ba\u015far\u0131yla terleten Hande; kul\u00fcp kariyerinde bir\u00e7ok ulusal ve uluslararas\u0131 ba\u015far\u0131ya [&hellip;]<\/p>\n","protected":false},"author":1,"featured_media":28030,"comment_status":"closed","ping_status":"closed","sticky":false,"template":"","format":"standard","meta":{"jnews-multi-image_gallery":[],"jnews_single_post":{"format":"standard","override":[{"template":"1","parallax":"1","fullscreen":"1","layout":"right-sidebar","sidebar":"mysidebar","second_sidebar":"default-sidebar","sticky_sidebar":"1","share_position":"float","share_float_style":"share-normal","show_share_counter":"1","show_view_counter":"1","show_featured":"1","show_post_meta":"1","show_post_author_image":"1","show_post_date":"1","post_date_format":"default","post_date_format_custom":"Y\/m\/d","show_post_reading_time":"0","post_reading_time_wpm":"300","post_calculate_word_method":"str_word_count","show_zoom_button":"0","zoom_button_out_step":"2","zoom_button_in_step":"3","show_prev_next_post":"1","number_popup_post":"3","show_author_box":"0","show_post_related":"0","show_inline_post_related":"0"}],"image_override":[{"single_post_thumbnail_size":"crop-500","single_post_gallery_size":"crop-500"}],"trending_post_position":"meta","trending_post_label":"Trending","sponsored_post_label":"Sponsored by","disable_ad":"0","subtitle":"Fenerbah\u00e7e Kad\u0131n Voleybol Tak\u0131m\u0131m\u0131z, milli sma\u00e7\u00f6r Hande Balad\u0131n\u2019\u0131 kadrosuna katt\u0131\u011f\u0131n\u0131 duyurdu."},"jnews_primary_category":{"id":"8"},"jnews_social_meta":[],"jnews_override_counter":{"view_counter_number":"0","share_counter_number":"0","like_counter_number":"0","dislike_counter_number":"0"},"footnotes":""},"categories":[2,10,8],"tags":[23,29],"class_list":["post-28029","post","type-post","status-publish","format-standard","has-post-thumbnail","hentry","category-haberler","category-kadin-voleybol","category-voleybol","tag-fenerbahce","tag-voleybol"],"amp_enabled":true,"_links":{"self":[{"href":"https:\/\/www.fener.org\/index.php\/wp-json\/wp\/v2\/posts\/28029","targetHints":{"allow":["GET"]}}],"collection":[{"href":"https:\/\/www.fener.org\/index.php\/wp-json\/wp\/v2\/posts"}],"about":[{"href":"https:\/\/www.fener.org\/index.php\/wp-json\/wp\/v2\/types\/post"}],"author":[{"embeddable":true,"href":"https:\/\/www.fener.org\/index.php\/wp-json\/wp\/v2\/users\/1"}],"replies":[{"embeddable":true,"href":"https:\/\/www.fener.org\/index.php\/wp-json\/wp\/v2\/comments?post=28029"}],"version-history":[{"count":1,"href":"https:\/\/www.fener.org\/index.php\/wp-json\/wp\/v2\/posts\/28029\/revisions"}],"predecessor-version":[{"id":28031,"href":"https:\/\/www.fener.org\/index.php\/wp-json\/wp\/v2\/posts\/28029\/revisions\/28031"}],"wp:featuredmedia":[{"embeddable":true,"href":"https:\/\/www.fener.org\/index.php\/wp-json\/wp\/v2\/media\/28030"}],"wp:attachment":[{"href":"https:\/\/www.fener.org\/index.php\/wp-json\/wp\/v2\/media?parent=28029"}],"wp:term":[{"taxonomy":"category","embeddable":true,"href":"https:\/\/www.fener.org\/index.php\/wp-json\/wp\/v2\/categories?post=28029"},{"taxonomy":"post_tag","embeddable":true,"href":"https:\/\/www.fener.org\/index.php\/wp-json\/wp\/v2\/tags?post=28029"}],"curies":[{"name":"wp","href":"https:\/\/api.w.org\/{rel}","templated":true}]}}