{"id":28027,"date":"2025-06-02T22:26:19","date_gmt":"2025-06-02T19:26:19","guid":{"rendered":"https:\/\/www.fener.org\/?p=28027"},"modified":"2025-06-02T22:26:23","modified_gmt":"2025-06-02T19:26:23","slug":"avrupa-takimlar-kupasinda-atletlerimizden-basarili-sonuclar","status":"publish","type":"post","link":"https:\/\/www.fener.org\/index.php\/2025\/06\/02\/avrupa-takimlar-kupasinda-atletlerimizden-basarili-sonuclar\/","title":{"rendered":"Avrupa Tak\u0131mlar Kupas\u0131\u2019nda atletlerimizden ba\u015far\u0131l\u0131 sonu\u00e7lar"},"content":{"rendered":"\n<p>31 May\u0131s &#8211; 1 Haziran tarihleri aras\u0131nda \u0130zmir\u2019de ger\u00e7ekle\u015fen Avrupa Tak\u0131mlar Kupas\u0131 Milli Tak\u0131m Se\u00e7me Yar\u0131\u015flar\u0131nda sporcular\u0131m\u0131z milli tak\u0131mda yer alma m\u00fccadelesi verdiler.<br><br>Atletlerimiz ald\u0131klar\u0131 ba\u015far\u0131lar\u0131 sonu\u00e7larla organizasyona damga vurdu.<br><br><strong>Sporcular\u0131m\u0131z\u0131n ald\u0131\u011f\u0131 sonu\u00e7lar \u015fu \u015fekilde:<br><br>100 Metre Kad\u0131nlar:<\/strong><br>Beyzanur Seylan 1.<br><br><strong>100 Metre Erkekler:<\/strong><br>Ramil Guliyev 1.<br><br><strong>200 Metre Erkekler:<\/strong><br>O\u011fuz Uyar 2.<br>\u0130lyas \u00c7anak\u00e7\u0131 3.<br><br><strong>400 Metre Engelli Kad\u0131nlar:<\/strong><br>G\u00fcl\u015fah Cebeci kendisine ait en iyi dereceyi ko\u015farak birinci olurken, \u0130lkim Altunbulak ikinci, Berfin Bodu\u00e7 ise \u00fc\u00e7\u00fcnc\u00fc oldu.<br><br><strong>400 Metre\u00a0Erkekler:<\/strong><br>\u0130lyas \u00c7anak\u00e7\u0131 1.<br><br><strong>400 Metre Engelli Erkekler:<\/strong><br>Mustafa \u00c7inpolat 2.<br><br><strong>800 Metre Kad\u0131nlar:<\/strong><br>Dilek Ko\u00e7ak 1.<br><br><strong>5000 Metre Kad\u0131nlar:<\/strong><br>Edibe Ya\u011f\u0131z 1.<br>D\u00f6nd\u00fc K\u00fcbra Poyraz 3.<br><br><strong>Uzun Atlama Kad\u0131nlar:<\/strong><br>Ecem \u00c7ala\u011fan 2.<br><br><strong>Uzun Atlama Erkekler:<\/strong><br>Batuhan \u00c7ak\u0131r 1.<br><br><strong>\u00dc\u00e7 Ad\u0131m Atlama Kad\u0131nlar:<\/strong><br>Kadriye Dilek Durmu\u015f 2.<br><br><strong>Y\u00fcksek Atlama Kad\u0131nlar:<\/strong><br>Emine Selde K\u0131rdemir 2.<br><br><strong>Disk Atma Kad\u0131nlar:<\/strong><br>\u00d6zlem Becerek 1.<br><br><strong>Disk Atma Erkekler:<\/strong><br>Enes \u00c7ankaya 2.<br><br><strong>G\u00fclle Atma Kad\u0131nlar:<\/strong><br>P\u0131nar Akyol 2.<br><br><strong>G\u00fclle Atma Erkekler:<\/strong><br>Ali Peker 1.<br><br><strong>\u00c7eki\u00e7 Atma Kad\u0131nlar:<\/strong><br>Deniz Sivridemir 1.<br><br><strong>Cirit Atma Kad\u0131nlar:<\/strong><br>Esra T\u00fcrkmen 1.<br><br><strong>Cirit Atma Erkekler:<\/strong><br>Muhammed Hanifi Zengin 1.<br><br>U16 &#8211; U18 T\u00fcrkiye \u015eampiyonas\u0131&#8217;nda yar\u0131\u015fan sporcular\u0131m\u0131zdan Elif Bayar ise 300 Metrede 39.79\u2019luk derecesi ile U18 T\u00fcrkiye rekorunu k\u0131rm\u0131\u015ft\u0131r.<br><br>M\u00fcsabakalar\u0131 Amat\u00f6r \u015eubeler Koordinat\u00f6r\u00fcm\u00fcz Fikret \u00c7etinkaya, Atletizm \u015eube Sorumlumuz \u0130hsan \u00d6zden ve Teknik Menajerimiz Hakan Beceren yerinde izleyerek sporcular\u0131m\u0131za ve antren\u00f6rlerimize destek oldular.<\/p>\n","protected":false},"excerpt":{"rendered":"<p>31 May\u0131s &#8211; 1 Haziran tarihleri aras\u0131nda \u0130zmir\u2019de ger\u00e7ekle\u015fen Avrupa Tak\u0131mlar Kupas\u0131 Milli Tak\u0131m Se\u00e7me Yar\u0131\u015flar\u0131nda sporcular\u0131m\u0131z milli tak\u0131mda yer alma m\u00fccadelesi verdiler. Atletlerimiz ald\u0131klar\u0131 ba\u015far\u0131lar\u0131 sonu\u00e7larla organizasyona damga vurdu. Sporcular\u0131m\u0131z\u0131n ald\u0131\u011f\u0131 sonu\u00e7lar \u015fu \u015fekilde: 100 Metre Kad\u0131nlar:Beyzanur Seylan 1. 100 Metre Erkekler:Ramil Guliyev 1. 200 Metre Erkekler:O\u011fuz Uyar 2.\u0130lyas \u00c7anak\u00e7\u0131 3. 400 Metre Engelli [&hellip;]<\/p>\n","protected":false},"author":1,"featured_media":1279,"comment_status":"closed","ping_status":"closed","sticky":false,"template":"","format":"standard","meta":{"jnews-multi-image_gallery":[],"jnews_single_post":{"format":"standard","override":[{"template":"1","parallax":"1","fullscreen":"1","layout":"right-sidebar","sidebar":"mysidebar","second_sidebar":"default-sidebar","sticky_sidebar":"1","share_position":"float","share_float_style":"share-normal","show_share_counter":"1","show_view_counter":"1","show_featured":"1","show_post_meta":"1","show_post_author_image":"1","show_post_date":"1","post_date_format":"default","post_date_format_custom":"Y\/m\/d","show_post_reading_time":"0","post_reading_time_wpm":"300","post_calculate_word_method":"str_word_count","show_zoom_button":"0","zoom_button_out_step":"2","zoom_button_in_step":"3","show_prev_next_post":"1","number_popup_post":"3","show_author_box":"0","show_post_related":"0","show_inline_post_related":"0"}],"image_override":[{"single_post_thumbnail_size":"crop-500","single_post_gallery_size":"crop-500"}],"trending_post_position":"meta","trending_post_label":"Trending","sponsored_post_label":"Sponsored by","disable_ad":"0"},"jnews_primary_category":{"id":"13"},"jnews_social_meta":[],"jnews_override_counter":{"view_counter_number":"0","share_counter_number":"0","like_counter_number":"0","dislike_counter_number":"0"},"footnotes":""},"categories":[13,2],"tags":[32,23],"class_list":["post-28027","post","type-post","status-publish","format-standard","has-post-thumbnail","hentry","category-atletizm","category-haberler","tag-atletizm","tag-fenerbahce"],"amp_enabled":true,"_links":{"self":[{"href":"https:\/\/www.fener.org\/index.php\/wp-json\/wp\/v2\/posts\/28027","targetHints":{"allow":["GET"]}}],"collection":[{"href":"https:\/\/www.fener.org\/index.php\/wp-json\/wp\/v2\/posts"}],"about":[{"href":"https:\/\/www.fener.org\/index.php\/wp-json\/wp\/v2\/types\/post"}],"author":[{"embeddable":true,"href":"https:\/\/www.fener.org\/index.php\/wp-json\/wp\/v2\/users\/1"}],"replies":[{"embeddable":true,"href":"https:\/\/www.fener.org\/index.php\/wp-json\/wp\/v2\/comments?post=28027"}],"version-history":[{"count":1,"href":"https:\/\/www.fener.org\/index.php\/wp-json\/wp\/v2\/posts\/28027\/revisions"}],"predecessor-version":[{"id":28028,"href":"https:\/\/www.fener.org\/index.php\/wp-json\/wp\/v2\/posts\/28027\/revisions\/28028"}],"wp:featuredmedia":[{"embeddable":true,"href":"https:\/\/www.fener.org\/index.php\/wp-json\/wp\/v2\/media\/1279"}],"wp:attachment":[{"href":"https:\/\/www.fener.org\/index.php\/wp-json\/wp\/v2\/media?parent=28027"}],"wp:term":[{"taxonomy":"category","embeddable":true,"href":"https:\/\/www.fener.org\/index.php\/wp-json\/wp\/v2\/categories?post=28027"},{"taxonomy":"post_tag","embeddable":true,"href":"https:\/\/www.fener.org\/index.php\/wp-json\/wp\/v2\/tags?post=28027"}],"curies":[{"name":"wp","href":"https:\/\/api.w.org\/{rel}","templated":true}]}}