{"id":2786,"date":"2018-11-02T20:19:22","date_gmt":"2018-11-02T17:19:22","guid":{"rendered":"https:\/\/www.fener.org\/?p=2786"},"modified":"2018-11-02T20:19:22","modified_gmt":"2018-11-02T17:19:22","slug":"fenerbahce-3-0-besiktas","status":"publish","type":"post","link":"https:\/\/www.fener.org\/index.php\/2018\/11\/02\/fenerbahce-3-0-besiktas\/","title":{"rendered":"Fenerbah\u00e7e 3-0 Be\u015fikta\u015f"},"content":{"rendered":"<p>Burhan Felek Voleybol Salonu\u2019nda oynanan m\u00fcsabakada Merkez Hakem ve G\u00f6zlemci Kurulu (MHGK) Ba\u015fkan\u0131 Aziz Yener, T\u00fcrkiye Voleybol Federasyonu ad\u0131na m\u00fccadele \u00f6ncesinde yeni sezonun ilk kar\u015f\u0131la\u015fmas\u0131 olmas\u0131 sebebiyle her iki tak\u0131m\u0131n kaptanlar\u0131na ve kar\u015f\u0131la\u015fman\u0131n ba\u015fhakemi Erol Akbulut\u2019a ba\u015far\u0131lar dileyerek \u00e7i\u00e7ek takdim etti.<\/p>\n<p>Zoran Terzic y\u00f6netimindeki Sar\u0131 Melekler kar\u015f\u0131la\u015fmaya; Eda Erdem D\u00fcndar, Ana Antonijevic, Fatma Y\u0131ld\u0131r\u0131m, Samantha Bricio, Melissa Vargas ve libero Melis ile ba\u015flad\u0131.<\/p>\n<p>Ma\u00e7\u0131n ilk say\u0131s\u0131 oyuncumuz Samantha Bricio\u2019dan gelirken, Tak\u0131m\u0131m\u0131z bu b\u00f6l\u00fcmde Melissa Vargas ile etkili olsa da teknik molaya 9-12 geride gitti. Orta oyuncumuz Bahar Toksoy\u2019un etkili servisleriyle skoru 17-17 e\u015fitlenirken, bu b\u00f6l\u00fcmde skor s\u00fcrekli el de\u011fi\u015ftirdi. B\u00fcy\u00fck \u00e7eki\u015fmeye sahne olan seti Vargas ve Fatma\u2019n\u0131n say\u0131lar\u0131yla 27-25 kazand\u0131k.<\/p>\n<p>Kar\u015f\u0131l\u0131kl\u0131 say\u0131lara sahne olan ilk b\u00f6l\u00fcm konuk ekibin 11-12 \u00fcst\u00fcnl\u00fc\u011f\u00fcyle ge\u00e7ildi. Kaptan Eda ve Vargas\u2019\u0131n say\u0131lar\u0131yla skoru 15-15\u2019te e\u015fitleyen Sar\u0131 Melekler, bu ikiliyle skoru 17-15\u2019e ta\u015f\u0131d\u0131. Setin sonunda oyunun mutlak hakimi olan Fenerbah\u00e7emiz, seti 25-20 \u00f6nde tamamlad\u0131.<\/p>\n<p>\u00dc\u00e7\u00fcnc\u00fc setin ilk b\u00f6l\u00fcm\u00fc kar\u015f\u0131l\u0131kl\u0131 say\u0131larla ge\u00e7erken, ikinci b\u00f6l\u00fcm\u00fcn ba\u015f\u0131nda Be\u015fikta\u015f fak\u0131 5\u2019e \u00e7\u0131kard\u0131. Polen, S\u0131la ve Bahar\u2019\u0131n kritik say\u0131lar\u0131yla Tak\u0131m\u0131m\u0131z skoru 21-21\u2019de e\u015fitledi.  Vargas\u2019\u0131n etkili oyunuyla seti 27-25 \u00f6nde tamamlad\u0131k ve ma\u00e7\u0131 3-0 kazand\u0131k.<\/p>\n","protected":false},"excerpt":{"rendered":"<p>Burhan Felek Voleybol Salonu\u2019nda oynanan m\u00fcsabakada Merkez Hakem ve G\u00f6zlemci Kurulu (MHGK) Ba\u015fkan\u0131 Aziz Yener, T\u00fcrkiye Voleybol Federasyonu ad\u0131na m\u00fccadele \u00f6ncesinde yeni sezonun ilk kar\u015f\u0131la\u015fmas\u0131 olmas\u0131 sebebiyle her iki tak\u0131m\u0131n kaptanlar\u0131na ve kar\u015f\u0131la\u015fman\u0131n ba\u015fhakemi Erol Akbulut\u2019a ba\u015far\u0131lar dileyerek \u00e7i\u00e7ek takdim etti. Zoran Terzic y\u00f6netimindeki Sar\u0131 Melekler kar\u015f\u0131la\u015fmaya; Eda Erdem D\u00fcndar, Ana Antonijevic, Fatma Y\u0131ld\u0131r\u0131m, Samantha [&hellip;]<\/p>\n","protected":false},"author":1,"featured_media":2787,"comment_status":"closed","ping_status":"closed","sticky":false,"template":"","format":"standard","meta":{"jnews-multi-image_gallery":[],"jnews_single_post":{"override_template":"0","override":[{"template":"1","single_blog_custom":"","parallax":"1","fullscreen":"0","layout":"right-sidebar","sidebar":"default-sidebar","second_sidebar":"default-sidebar","sticky_sidebar":"1","share_position":"top","share_float_style":"share-monocrhome","show_share_counter":"1","show_view_counter":"1","show_featured":"1","show_post_meta":"1","show_post_author":"1","show_post_author_image":"1","show_post_date":"1","post_date_format":"default","post_date_format_custom":"Y\/m\/d","show_post_category":"1","show_post_tag":"1","show_prev_next_post":"1","show_popup_post":"1","number_popup_post":"1","show_author_box":"0","show_post_related":"1","show_inline_post_related":"0"}],"override_image_size":"0","image_override":[{"single_post_thumbnail_size":"crop-500","single_post_gallery_size":"crop-500"}],"trending_post":"0","trending_post_position":"meta","trending_post_label":"Trending"},"jnews_primary_category":{"id":"8"},"jnews_social_meta":{"fb_title":"","fb_description":"","fb_image":"","twitter_title":"","twitter_description":"","twitter_image":""},"jnews_override_counter":{"override_view_counter":"0","view_counter_number":"0","override_share_counter":"0","share_counter_number":"0","override_like_counter":"0","like_counter_number":"0","override_dislike_counter":"0","dislike_counter_number":"0"},"footnotes":""},"categories":[2,10,8],"tags":[28,29],"class_list":["post-2786","post","type-post","status-publish","format-standard","has-post-thumbnail","hentry","category-haberler","category-kadin-voleybol","category-voleybol","tag-kadin-voleybol","tag-voleybol"],"amp_enabled":true,"_links":{"self":[{"href":"https:\/\/www.fener.org\/index.php\/wp-json\/wp\/v2\/posts\/2786","targetHints":{"allow":["GET"]}}],"collection":[{"href":"https:\/\/www.fener.org\/index.php\/wp-json\/wp\/v2\/posts"}],"about":[{"href":"https:\/\/www.fener.org\/index.php\/wp-json\/wp\/v2\/types\/post"}],"author":[{"embeddable":true,"href":"https:\/\/www.fener.org\/index.php\/wp-json\/wp\/v2\/users\/1"}],"replies":[{"embeddable":true,"href":"https:\/\/www.fener.org\/index.php\/wp-json\/wp\/v2\/comments?post=2786"}],"version-history":[{"count":2,"href":"https:\/\/www.fener.org\/index.php\/wp-json\/wp\/v2\/posts\/2786\/revisions"}],"predecessor-version":[{"id":2789,"href":"https:\/\/www.fener.org\/index.php\/wp-json\/wp\/v2\/posts\/2786\/revisions\/2789"}],"wp:featuredmedia":[{"embeddable":true,"href":"https:\/\/www.fener.org\/index.php\/wp-json\/wp\/v2\/media\/2787"}],"wp:attachment":[{"href":"https:\/\/www.fener.org\/index.php\/wp-json\/wp\/v2\/media?parent=2786"}],"wp:term":[{"taxonomy":"category","embeddable":true,"href":"https:\/\/www.fener.org\/index.php\/wp-json\/wp\/v2\/categories?post=2786"},{"taxonomy":"post_tag","embeddable":true,"href":"https:\/\/www.fener.org\/index.php\/wp-json\/wp\/v2\/tags?post=2786"}],"curies":[{"name":"wp","href":"https:\/\/api.w.org\/{rel}","templated":true}]}}