{"id":27851,"date":"2025-04-27T17:16:58","date_gmt":"2025-04-27T14:16:58","guid":{"rendered":"https:\/\/www.fener.org\/?p=27851"},"modified":"2025-04-27T17:17:03","modified_gmt":"2025-04-27T14:17:03","slug":"atletlerimizden-4-uluslararasi-imam-reza-kupasinda-basarili-sonuclar","status":"publish","type":"post","link":"https:\/\/www.fener.org\/index.php\/2025\/04\/27\/atletlerimizden-4-uluslararasi-imam-reza-kupasinda-basarili-sonuclar\/","title":{"rendered":"Atletlerimizden 4. Uluslararas\u0131 Imam Reza Kupas\u0131\u2019nda ba\u015far\u0131l\u0131 sonu\u00e7lar"},"content":{"rendered":"\n<p>\u0130ran\u2019da d\u00fczenlenen 4. Uluslararas\u0131 Imam Reza Kupas\u0131\u2019nda atletlerimiz atmalar kategorisinde \u00f6nemli ba\u015far\u0131lar elde etti.<\/p>\n\n\n\n<p>Sporcular\u0131m\u0131z\u0131n ald\u0131\u011f\u0131 sonu\u00e7lar \u015fu \u015fekilde:<\/p>\n\n\n\n<p>\u00c7eki\u00e7 atma &#8211; \u00d6zkan Baltac\u0131 1.<br>G\u00fclle atma &#8211; Ali Peker 3.<br>Cirit atma &#8211; Muhammet Hanifi Zengin 3.<\/p>\n","protected":false},"excerpt":{"rendered":"<p>\u0130ran\u2019da d\u00fczenlenen 4. Uluslararas\u0131 Imam Reza Kupas\u0131\u2019nda atletlerimiz atmalar kategorisinde \u00f6nemli ba\u015far\u0131lar elde etti. Sporcular\u0131m\u0131z\u0131n ald\u0131\u011f\u0131 sonu\u00e7lar \u015fu \u015fekilde: \u00c7eki\u00e7 atma &#8211; \u00d6zkan Baltac\u0131 1.G\u00fclle atma &#8211; Ali Peker 3.Cirit atma &#8211; Muhammet Hanifi Zengin 3.<\/p>\n","protected":false},"author":1,"featured_media":1279,"comment_status":"closed","ping_status":"closed","sticky":false,"template":"","format":"standard","meta":{"jnews-multi-image_gallery":[],"jnews_single_post":{"format":"standard","override":[{"template":"1","parallax":"1","fullscreen":"1","layout":"right-sidebar","sidebar":"mysidebar","second_sidebar":"default-sidebar","sticky_sidebar":"1","share_position":"float","share_float_style":"share-normal","show_share_counter":"1","show_view_counter":"1","show_featured":"1","show_post_meta":"1","show_post_author_image":"1","show_post_date":"1","post_date_format":"default","post_date_format_custom":"Y\/m\/d","show_post_reading_time":"0","post_reading_time_wpm":"300","post_calculate_word_method":"str_word_count","show_zoom_button":"0","zoom_button_out_step":"2","zoom_button_in_step":"3","show_prev_next_post":"1","number_popup_post":"3","show_author_box":"0","show_post_related":"0","show_inline_post_related":"0"}],"image_override":[{"single_post_thumbnail_size":"crop-500","single_post_gallery_size":"crop-500"}],"trending_post_position":"meta","trending_post_label":"Trending","sponsored_post_label":"Sponsored by","disable_ad":"0"},"jnews_primary_category":{"id":"13"},"jnews_social_meta":[],"jnews_override_counter":{"view_counter_number":"0","share_counter_number":"0","like_counter_number":"0","dislike_counter_number":"0"},"footnotes":""},"categories":[13,2],"tags":[32,23],"class_list":["post-27851","post","type-post","status-publish","format-standard","has-post-thumbnail","hentry","category-atletizm","category-haberler","tag-atletizm","tag-fenerbahce"],"amp_enabled":true,"_links":{"self":[{"href":"https:\/\/www.fener.org\/index.php\/wp-json\/wp\/v2\/posts\/27851","targetHints":{"allow":["GET"]}}],"collection":[{"href":"https:\/\/www.fener.org\/index.php\/wp-json\/wp\/v2\/posts"}],"about":[{"href":"https:\/\/www.fener.org\/index.php\/wp-json\/wp\/v2\/types\/post"}],"author":[{"embeddable":true,"href":"https:\/\/www.fener.org\/index.php\/wp-json\/wp\/v2\/users\/1"}],"replies":[{"embeddable":true,"href":"https:\/\/www.fener.org\/index.php\/wp-json\/wp\/v2\/comments?post=27851"}],"version-history":[{"count":1,"href":"https:\/\/www.fener.org\/index.php\/wp-json\/wp\/v2\/posts\/27851\/revisions"}],"predecessor-version":[{"id":27852,"href":"https:\/\/www.fener.org\/index.php\/wp-json\/wp\/v2\/posts\/27851\/revisions\/27852"}],"wp:featuredmedia":[{"embeddable":true,"href":"https:\/\/www.fener.org\/index.php\/wp-json\/wp\/v2\/media\/1279"}],"wp:attachment":[{"href":"https:\/\/www.fener.org\/index.php\/wp-json\/wp\/v2\/media?parent=27851"}],"wp:term":[{"taxonomy":"category","embeddable":true,"href":"https:\/\/www.fener.org\/index.php\/wp-json\/wp\/v2\/categories?post=27851"},{"taxonomy":"post_tag","embeddable":true,"href":"https:\/\/www.fener.org\/index.php\/wp-json\/wp\/v2\/tags?post=27851"}],"curies":[{"name":"wp","href":"https:\/\/api.w.org\/{rel}","templated":true}]}}