{"id":27557,"date":"2025-03-28T22:42:57","date_gmt":"2025-03-28T19:42:57","guid":{"rendered":"https:\/\/www.fener.org\/?p=27557"},"modified":"2025-03-28T22:43:03","modified_gmt":"2025-03-28T19:43:03","slug":"sipay-bodrum-fk-2-4-fenerbahce","status":"publish","type":"post","link":"https:\/\/www.fener.org\/index.php\/2025\/03\/28\/sipay-bodrum-fk-2-4-fenerbahce\/","title":{"rendered":"Sipay Bodrum FK 2-4 Fenerbah\u00e7e"},"content":{"rendered":"\n<p>Fenerbah\u00e7emiz, Trendyol S\u00fcper Lig \u015eamil Ekinci Sezonu\u2019nun 29. haftas\u0131nda Sipay Bodrum FK\u2019ya konuk oldu. Rakibini ilk yar\u0131da buldu\u011fu gollerle 4-2 yenen tak\u0131m\u0131m\u0131z, puan\u0131n\u0131 65\u2019e y\u00fckseltti ve zirve takibini s\u00fcrd\u00fcrd\u00fc.<\/p>\n\n\n\n<p>Grey Beton Bodrum Stadyumu\u2019nda oynanan ma\u00e7ta gollerimizi 5. dakikada Milan Skriniar, 33. dakikada O\u011fuz Ayd\u0131n, 36. dakikada Sebastian Szymanski ve 45. dakikada penalt\u0131dan Anderson Talisca kaydetti. Ev sahibi tak\u0131m\u0131n gollerini ise 31. dakikada penalt\u0131dan Puscas ve 86. dakikada Fredy att\u0131.<\/p>\n\n\n\n<p>72. dakikada oyuna dahil olan tak\u0131m kaptanlar\u0131m\u0131zdan Dusan Tadic, sar\u0131 lacivertli formayla 100. ma\u00e7\u0131na \u00e7\u0131kt\u0131 ve \u2018dalya\u2019 dedi.<\/p>\n\n\n\n<p>Fenerbah\u00e7emiz, 2 Nisan \u00c7ar\u015famba g\u00fcn\u00fc Ziraat T\u00fcrkiye Kupas\u0131 \u00e7eyrek final ma\u00e7\u0131nda Galatasaray\u2019\u0131 konuk edecek.<\/p>\n","protected":false},"excerpt":{"rendered":"<p>Fenerbah\u00e7emiz, Trendyol S\u00fcper Lig \u015eamil Ekinci Sezonu\u2019nun 29. haftas\u0131nda Sipay Bodrum FK\u2019ya konuk oldu. Rakibini ilk yar\u0131da buldu\u011fu gollerle 4-2 yenen tak\u0131m\u0131m\u0131z, puan\u0131n\u0131 65\u2019e y\u00fckseltti ve zirve takibini s\u00fcrd\u00fcrd\u00fc. Grey Beton Bodrum Stadyumu\u2019nda oynanan ma\u00e7ta gollerimizi 5. dakikada Milan Skriniar, 33. dakikada O\u011fuz Ayd\u0131n, 36. dakikada Sebastian Szymanski ve 45. dakikada penalt\u0131dan Anderson Talisca kaydetti. [&hellip;]<\/p>\n","protected":false},"author":1,"featured_media":27558,"comment_status":"closed","ping_status":"closed","sticky":false,"template":"","format":"standard","meta":{"jnews-multi-image_gallery":[],"jnews_single_post":{"format":"standard","override":[{"template":"1","parallax":"1","fullscreen":"1","layout":"right-sidebar","sidebar":"mysidebar","second_sidebar":"default-sidebar","sticky_sidebar":"1","share_position":"float","share_float_style":"share-normal","show_share_counter":"1","show_view_counter":"1","show_featured":"1","show_post_meta":"1","show_post_author_image":"1","show_post_date":"1","post_date_format":"default","post_date_format_custom":"Y\/m\/d","show_post_reading_time":"0","post_reading_time_wpm":"300","post_calculate_word_method":"str_word_count","show_zoom_button":"0","zoom_button_out_step":"2","zoom_button_in_step":"3","show_prev_next_post":"1","number_popup_post":"3","show_author_box":"0","show_post_related":"0","show_inline_post_related":"0"}],"image_override":[{"single_post_thumbnail_size":"crop-500","single_post_gallery_size":"crop-500"}],"trending_post_position":"meta","trending_post_label":"Trending","sponsored_post_label":"Sponsored by","disable_ad":"0","subtitle":"Fenerbah\u00e7e, S\u00fcper Lig'in 29. haftas\u0131nda Bodrum FK ile deplasmanda oynad\u0131\u011f\u0131 m\u00fccadeleden 4-2 galip ayr\u0131ld\u0131."},"jnews_primary_category":{"id":"4"},"jnews_social_meta":[],"jnews_override_counter":{"view_counter_number":"0","share_counter_number":"0","like_counter_number":"0","dislike_counter_number":"0"},"footnotes":""},"categories":[4,2,47],"tags":[23,54],"class_list":["post-27557","post","type-post","status-publish","format-standard","has-post-thumbnail","hentry","category-futbol","category-haberler","category-profesyonel-a-futbol-takimi","tag-fenerbahce","tag-futbol"],"amp_enabled":true,"_links":{"self":[{"href":"https:\/\/www.fener.org\/index.php\/wp-json\/wp\/v2\/posts\/27557","targetHints":{"allow":["GET"]}}],"collection":[{"href":"https:\/\/www.fener.org\/index.php\/wp-json\/wp\/v2\/posts"}],"about":[{"href":"https:\/\/www.fener.org\/index.php\/wp-json\/wp\/v2\/types\/post"}],"author":[{"embeddable":true,"href":"https:\/\/www.fener.org\/index.php\/wp-json\/wp\/v2\/users\/1"}],"replies":[{"embeddable":true,"href":"https:\/\/www.fener.org\/index.php\/wp-json\/wp\/v2\/comments?post=27557"}],"version-history":[{"count":1,"href":"https:\/\/www.fener.org\/index.php\/wp-json\/wp\/v2\/posts\/27557\/revisions"}],"predecessor-version":[{"id":27559,"href":"https:\/\/www.fener.org\/index.php\/wp-json\/wp\/v2\/posts\/27557\/revisions\/27559"}],"wp:featuredmedia":[{"embeddable":true,"href":"https:\/\/www.fener.org\/index.php\/wp-json\/wp\/v2\/media\/27558"}],"wp:attachment":[{"href":"https:\/\/www.fener.org\/index.php\/wp-json\/wp\/v2\/media?parent=27557"}],"wp:term":[{"taxonomy":"category","embeddable":true,"href":"https:\/\/www.fener.org\/index.php\/wp-json\/wp\/v2\/categories?post=27557"},{"taxonomy":"post_tag","embeddable":true,"href":"https:\/\/www.fener.org\/index.php\/wp-json\/wp\/v2\/tags?post=27557"}],"curies":[{"name":"wp","href":"https:\/\/api.w.org\/{rel}","templated":true}]}}