{"id":27546,"date":"2025-03-27T20:56:32","date_gmt":"2025-03-27T17:56:32","guid":{"rendered":"https:\/\/www.fener.org\/?p=27546"},"modified":"2025-03-27T20:56:44","modified_gmt":"2025-03-27T17:56:44","slug":"fenerbahce-sipay-bodrum-fkya-konuk-oluyor","status":"publish","type":"post","link":"https:\/\/www.fener.org\/index.php\/2025\/03\/27\/fenerbahce-sipay-bodrum-fkya-konuk-oluyor\/","title":{"rendered":"Fenerbah\u00e7e, Sipay Bodrum FK\u2019ya konuk oluyor"},"content":{"rendered":"\n<p>Fenerbah\u00e7emiz, Trendyol S\u00fcper Lig&#8217;in 29. haftas\u0131nda deplasmanda Sipay Bodrum FK ile kar\u015f\u0131 kar\u015f\u0131ya gelecek. 28 Mart Cuma g\u00fcn\u00fc (yar\u0131n) saat 20.30\u2019da Grey Beton Bodrum Stadyumu\u2019nda oynanacak m\u00fccadele beIN SPORTS\u2019dan ekranlara gelecek.<\/p>\n\n\n\n<p>Kar\u015f\u0131la\u015fmada Atilla Karao\u011flan d\u00fcd\u00fck \u00e7alacak. Karao\u011flan\u2019\u0131n yard\u0131mc\u0131l\u0131klar\u0131n\u0131 \u0130brahim \u00c7a\u011flar Uyarcan ve S\u00fcleyman \u00d6zay yapacak. M\u00fccadelenin d\u00f6rd\u00fcnc\u00fc hakemi ise Yi\u011fit Arslan.<\/p>\n\n\n\n<p>\u00c7\u0131kt\u0131\u011f\u0131 26 ma\u00e7ta 62 puan toplayan ekibimiz, haftaya 2. s\u0131rada girerken 63 gol at\u0131p 23 gol yedi.<\/p>\n\n\n\n<p>Rakip Sipay Bodrum FK ise 30 puanla 15. s\u0131rada yer al\u0131yor.<\/p>\n\n\n\n<p>Fenerbah\u00e7emiz, ligin ilk devresinde konuk etti\u011fi rakibini En-Nesyri ve Dzeko&#8217;nun golleriyle 2-0 ma\u011flup etti.<\/p>\n","protected":false},"excerpt":{"rendered":"<p>Fenerbah\u00e7emiz, Trendyol S\u00fcper Lig&#8217;in 29. haftas\u0131nda deplasmanda Sipay Bodrum FK ile kar\u015f\u0131 kar\u015f\u0131ya gelecek. 28 Mart Cuma g\u00fcn\u00fc (yar\u0131n) saat 20.30\u2019da Grey Beton Bodrum Stadyumu\u2019nda oynanacak m\u00fccadele beIN SPORTS\u2019dan ekranlara gelecek. Kar\u015f\u0131la\u015fmada Atilla Karao\u011flan d\u00fcd\u00fck \u00e7alacak. Karao\u011flan\u2019\u0131n yard\u0131mc\u0131l\u0131klar\u0131n\u0131 \u0130brahim \u00c7a\u011flar Uyarcan ve S\u00fcleyman \u00d6zay yapacak. M\u00fccadelenin d\u00f6rd\u00fcnc\u00fc hakemi ise Yi\u011fit Arslan. \u00c7\u0131kt\u0131\u011f\u0131 26 ma\u00e7ta 62 [&hellip;]<\/p>\n","protected":false},"author":1,"featured_media":27548,"comment_status":"closed","ping_status":"closed","sticky":false,"template":"","format":"standard","meta":{"jnews-multi-image_gallery":[],"jnews_single_post":{"format":"standard","override":[{"template":"1","parallax":"1","fullscreen":"1","layout":"right-sidebar","sidebar":"mysidebar","second_sidebar":"default-sidebar","sticky_sidebar":"1","share_position":"float","share_float_style":"share-normal","show_share_counter":"1","show_view_counter":"1","show_featured":"1","show_post_meta":"1","show_post_author_image":"1","show_post_date":"1","post_date_format":"default","post_date_format_custom":"Y\/m\/d","show_post_reading_time":"0","post_reading_time_wpm":"300","post_calculate_word_method":"str_word_count","show_zoom_button":"0","zoom_button_out_step":"2","zoom_button_in_step":"3","show_prev_next_post":"1","number_popup_post":"3","show_author_box":"0","show_post_related":"0","show_inline_post_related":"0"}],"image_override":[{"single_post_thumbnail_size":"crop-500","single_post_gallery_size":"crop-500"}],"trending_post_position":"meta","trending_post_label":"Trending","sponsored_post_label":"Sponsored by","disable_ad":"0","subtitle":"Fenerbah\u00e7e, S\u00fcper Lig'in 29. haftas\u0131nda Bodrum FK ile deplasmanda m\u00fccadele edecek."},"jnews_primary_category":{"id":"4"},"jnews_social_meta":[],"jnews_override_counter":{"view_counter_number":"0","share_counter_number":"0","like_counter_number":"0","dislike_counter_number":"0"},"footnotes":""},"categories":[4,2,47],"tags":[23,54],"class_list":["post-27546","post","type-post","status-publish","format-standard","has-post-thumbnail","hentry","category-futbol","category-haberler","category-profesyonel-a-futbol-takimi","tag-fenerbahce","tag-futbol"],"amp_enabled":true,"_links":{"self":[{"href":"https:\/\/www.fener.org\/index.php\/wp-json\/wp\/v2\/posts\/27546","targetHints":{"allow":["GET"]}}],"collection":[{"href":"https:\/\/www.fener.org\/index.php\/wp-json\/wp\/v2\/posts"}],"about":[{"href":"https:\/\/www.fener.org\/index.php\/wp-json\/wp\/v2\/types\/post"}],"author":[{"embeddable":true,"href":"https:\/\/www.fener.org\/index.php\/wp-json\/wp\/v2\/users\/1"}],"replies":[{"embeddable":true,"href":"https:\/\/www.fener.org\/index.php\/wp-json\/wp\/v2\/comments?post=27546"}],"version-history":[{"count":1,"href":"https:\/\/www.fener.org\/index.php\/wp-json\/wp\/v2\/posts\/27546\/revisions"}],"predecessor-version":[{"id":27549,"href":"https:\/\/www.fener.org\/index.php\/wp-json\/wp\/v2\/posts\/27546\/revisions\/27549"}],"wp:featuredmedia":[{"embeddable":true,"href":"https:\/\/www.fener.org\/index.php\/wp-json\/wp\/v2\/media\/27548"}],"wp:attachment":[{"href":"https:\/\/www.fener.org\/index.php\/wp-json\/wp\/v2\/media?parent=27546"}],"wp:term":[{"taxonomy":"category","embeddable":true,"href":"https:\/\/www.fener.org\/index.php\/wp-json\/wp\/v2\/categories?post=27546"},{"taxonomy":"post_tag","embeddable":true,"href":"https:\/\/www.fener.org\/index.php\/wp-json\/wp\/v2\/tags?post=27546"}],"curies":[{"name":"wp","href":"https:\/\/api.w.org\/{rel}","templated":true}]}}