{"id":27500,"date":"2025-03-22T18:41:15","date_gmt":"2025-03-22T15:41:15","guid":{"rendered":"https:\/\/www.fener.org\/?p=27500"},"modified":"2025-03-22T18:41:22","modified_gmt":"2025-03-22T15:41:22","slug":"ersu-sasma-dunya-altincisi-oldu","status":"publish","type":"post","link":"https:\/\/www.fener.org\/index.php\/2025\/03\/22\/ersu-sasma-dunya-altincisi-oldu\/","title":{"rendered":"Ersu \u015ea\u015fma, d\u00fcnya alt\u0131nc\u0131s\u0131 oldu"},"content":{"rendered":"\n<p>Fenerbah\u00e7eli milli atlet Ersu \u015ea\u015fma, \u00c7in\u2019in Nanjing \u015fehrinde yap\u0131lan D\u00fcnya Salon Atletizm \u015eampiyonas\u0131\u2019nda piste \u00e7\u0131kt\u0131.<\/p>\n\n\n\n<p>S\u0131r\u0131kla atlama finalinde m\u00fccadele eden milli sporcumuz, 5.80\u2019lik derecesiyle d\u00fcnya alt\u0131nc\u0131s\u0131 olarak \u015fampiyonay\u0131 tamamlad\u0131.<\/p>\n","protected":false},"excerpt":{"rendered":"<p>Fenerbah\u00e7eli milli atlet Ersu \u015ea\u015fma, \u00c7in\u2019in Nanjing \u015fehrinde yap\u0131lan D\u00fcnya Salon Atletizm \u015eampiyonas\u0131\u2019nda piste \u00e7\u0131kt\u0131. S\u0131r\u0131kla atlama finalinde m\u00fccadele eden milli sporcumuz, 5.80\u2019lik derecesiyle d\u00fcnya alt\u0131nc\u0131s\u0131 olarak \u015fampiyonay\u0131 tamamlad\u0131.<\/p>\n","protected":false},"author":1,"featured_media":27501,"comment_status":"closed","ping_status":"closed","sticky":false,"template":"","format":"standard","meta":{"jnews-multi-image_gallery":[],"jnews_single_post":{"format":"standard","override":[{"template":"1","parallax":"1","fullscreen":"1","layout":"right-sidebar","sidebar":"mysidebar","second_sidebar":"default-sidebar","sticky_sidebar":"1","share_position":"float","share_float_style":"share-normal","show_share_counter":"1","show_view_counter":"1","show_featured":"1","show_post_meta":"1","show_post_author_image":"1","show_post_date":"1","post_date_format":"default","post_date_format_custom":"Y\/m\/d","show_post_reading_time":"0","post_reading_time_wpm":"300","post_calculate_word_method":"str_word_count","show_zoom_button":"0","zoom_button_out_step":"2","zoom_button_in_step":"3","show_prev_next_post":"1","number_popup_post":"3","show_author_box":"0","show_post_related":"0","show_inline_post_related":"0"}],"image_override":[{"single_post_thumbnail_size":"crop-500","single_post_gallery_size":"crop-500"}],"trending_post_position":"meta","trending_post_label":"Trending","sponsored_post_label":"Sponsored by","disable_ad":"0"},"jnews_primary_category":{"id":"13"},"jnews_social_meta":[],"jnews_override_counter":{"view_counter_number":"0","share_counter_number":"0","like_counter_number":"0","dislike_counter_number":"0"},"footnotes":""},"categories":[13,2],"tags":[32,23],"class_list":["post-27500","post","type-post","status-publish","format-standard","has-post-thumbnail","hentry","category-atletizm","category-haberler","tag-atletizm","tag-fenerbahce"],"amp_enabled":true,"_links":{"self":[{"href":"https:\/\/www.fener.org\/index.php\/wp-json\/wp\/v2\/posts\/27500","targetHints":{"allow":["GET"]}}],"collection":[{"href":"https:\/\/www.fener.org\/index.php\/wp-json\/wp\/v2\/posts"}],"about":[{"href":"https:\/\/www.fener.org\/index.php\/wp-json\/wp\/v2\/types\/post"}],"author":[{"embeddable":true,"href":"https:\/\/www.fener.org\/index.php\/wp-json\/wp\/v2\/users\/1"}],"replies":[{"embeddable":true,"href":"https:\/\/www.fener.org\/index.php\/wp-json\/wp\/v2\/comments?post=27500"}],"version-history":[{"count":1,"href":"https:\/\/www.fener.org\/index.php\/wp-json\/wp\/v2\/posts\/27500\/revisions"}],"predecessor-version":[{"id":27502,"href":"https:\/\/www.fener.org\/index.php\/wp-json\/wp\/v2\/posts\/27500\/revisions\/27502"}],"wp:featuredmedia":[{"embeddable":true,"href":"https:\/\/www.fener.org\/index.php\/wp-json\/wp\/v2\/media\/27501"}],"wp:attachment":[{"href":"https:\/\/www.fener.org\/index.php\/wp-json\/wp\/v2\/media?parent=27500"}],"wp:term":[{"taxonomy":"category","embeddable":true,"href":"https:\/\/www.fener.org\/index.php\/wp-json\/wp\/v2\/categories?post=27500"},{"taxonomy":"post_tag","embeddable":true,"href":"https:\/\/www.fener.org\/index.php\/wp-json\/wp\/v2\/tags?post=27500"}],"curies":[{"name":"wp","href":"https:\/\/api.w.org\/{rel}","templated":true}]}}