{"id":27478,"date":"2025-03-19T20:03:05","date_gmt":"2025-03-19T17:03:05","guid":{"rendered":"https:\/\/www.fener.org\/?p=27478"},"modified":"2025-03-19T20:03:15","modified_gmt":"2025-03-19T17:03:15","slug":"fenerbahce-medicana-normal-sezonu-lider-tamamladi","status":"publish","type":"post","link":"https:\/\/www.fener.org\/index.php\/2025\/03\/19\/fenerbahce-medicana-normal-sezonu-lider-tamamladi\/","title":{"rendered":"Fenerbah\u00e7e Medicana, normal sezonu lider tamamlad\u0131"},"content":{"rendered":"\n<p>Fenerbah\u00e7e Medicana Kad\u0131n Voleybol Tak\u0131m\u0131m\u0131z, Vodafone Sultanlar Ligi&#8217;nin 26. haftas\u0131nda Mimar Sinan Spor Salonu\u2019nda Ayd\u0131n B\u00fcy\u00fck\u015fehir Belediyesi\u2019ne konuk oldu.<\/p>\n\n\n\n<p>Kar\u015f\u0131la\u015fmay\u0131 3-0 kazanan Sar\u0131 Melekler, 23. galibiyetine imza att\u0131 ve normal sezonu zirvede bitirdi. Kar\u015f\u0131la\u015fman\u0131n setleri; 18-25, 20-25 ve 23-25 tamamland\u0131.<\/p>\n\n\n\n<p>Eda Erdem, Asl\u0131 Kala\u00e7, Ana Cristina, Bojana Drca, Melissa Vargas, Arina Fedorovtseva ve libero Gizem \u00d6rge ile ma\u00e7a ba\u015flayan Fenerbah\u00e7e Medicana, ba\u015ftan sona \u00fcst\u00fcn oynad\u0131\u011f\u0131 ilk sette Arina\u2019n\u0131n \u00fcst\u00fcn oyunuyla rakibine \u015fans tan\u0131mad\u0131 ve seti 25-18 kazanarak 1-0 \u00f6ne ge\u00e7ti.<\/p>\n\n\n\n<p>Dengeli bir oyun ve kar\u015f\u0131l\u0131kl\u0131 say\u0131larla ba\u015flayan ikinci setin ilk b\u00f6l\u00fcmlerinin ard\u0131ndan Kaptan Eda Erdem ile etkili olan Sar\u0131 Melekler, seti 25-20 kazanarak 2-0 \u00fcst\u00fcnl\u00fc\u011f\u00fc yakalad\u0131.<\/p>\n\n\n\n<p>\u00dc\u00e7\u00fcnc\u00fc sete de iyi ba\u015flayan ekibimiz, blok say\u0131lar\u0131 ile 8-4 \u00f6ne ge\u00e7ti ve rakibine mola ald\u0131rd\u0131. Mola d\u00f6n\u00fc\u015f\u00fc iyi oyununu s\u00fcrd\u00fcren Fenerbah\u00e7e Medicana seti 25-23, ma\u00e7\u0131 da 3-0 kazanarak normal sezonu lider tamamlad\u0131.<\/p>\n","protected":false},"excerpt":{"rendered":"<p>Fenerbah\u00e7e Medicana Kad\u0131n Voleybol Tak\u0131m\u0131m\u0131z, Vodafone Sultanlar Ligi&#8217;nin 26. haftas\u0131nda Mimar Sinan Spor Salonu\u2019nda Ayd\u0131n B\u00fcy\u00fck\u015fehir Belediyesi\u2019ne konuk oldu. Kar\u015f\u0131la\u015fmay\u0131 3-0 kazanan Sar\u0131 Melekler, 23. galibiyetine imza att\u0131 ve normal sezonu zirvede bitirdi. Kar\u015f\u0131la\u015fman\u0131n setleri; 18-25, 20-25 ve 23-25 tamamland\u0131. Eda Erdem, Asl\u0131 Kala\u00e7, Ana Cristina, Bojana Drca, Melissa Vargas, Arina Fedorovtseva ve libero Gizem [&hellip;]<\/p>\n","protected":false},"author":1,"featured_media":27479,"comment_status":"closed","ping_status":"closed","sticky":false,"template":"","format":"standard","meta":{"jnews-multi-image_gallery":[],"jnews_single_post":{"format":"standard","override":[{"template":"1","parallax":"1","fullscreen":"1","layout":"right-sidebar","sidebar":"mysidebar","second_sidebar":"default-sidebar","sticky_sidebar":"1","share_position":"float","share_float_style":"share-normal","show_share_counter":"1","show_view_counter":"1","show_featured":"1","show_post_meta":"1","show_post_author_image":"1","show_post_date":"1","post_date_format":"default","post_date_format_custom":"Y\/m\/d","show_post_reading_time":"0","post_reading_time_wpm":"300","post_calculate_word_method":"str_word_count","show_zoom_button":"0","zoom_button_out_step":"2","zoom_button_in_step":"3","show_prev_next_post":"1","number_popup_post":"3","show_author_box":"0","show_post_related":"0","show_inline_post_related":"0"}],"image_override":[{"single_post_thumbnail_size":"crop-500","single_post_gallery_size":"crop-500"}],"trending_post_position":"meta","trending_post_label":"Trending","sponsored_post_label":"Sponsored by","disable_ad":"0","subtitle":"Fenerbah\u00e7e Kad\u0131n Voleybol Tak\u0131m\u0131m\u0131z, Sultanlar Ligi'nin 26. haftas\u0131nda deplasmanda Ayd\u0131n B\u00fcy\u00fck\u015fehir Belediyesi ile oynad\u0131\u011f\u0131 ma\u00e7\u0131 3-0 kazand\u0131 ve normal sezonu lider tamamlad\u0131."},"jnews_primary_category":{"id":"8"},"jnews_social_meta":[],"jnews_override_counter":{"view_counter_number":"0","share_counter_number":"0","like_counter_number":"0","dislike_counter_number":"0"},"footnotes":""},"categories":[2,10,8],"tags":[23,29],"class_list":["post-27478","post","type-post","status-publish","format-standard","has-post-thumbnail","hentry","category-haberler","category-kadin-voleybol","category-voleybol","tag-fenerbahce","tag-voleybol"],"amp_enabled":true,"_links":{"self":[{"href":"https:\/\/www.fener.org\/index.php\/wp-json\/wp\/v2\/posts\/27478","targetHints":{"allow":["GET"]}}],"collection":[{"href":"https:\/\/www.fener.org\/index.php\/wp-json\/wp\/v2\/posts"}],"about":[{"href":"https:\/\/www.fener.org\/index.php\/wp-json\/wp\/v2\/types\/post"}],"author":[{"embeddable":true,"href":"https:\/\/www.fener.org\/index.php\/wp-json\/wp\/v2\/users\/1"}],"replies":[{"embeddable":true,"href":"https:\/\/www.fener.org\/index.php\/wp-json\/wp\/v2\/comments?post=27478"}],"version-history":[{"count":1,"href":"https:\/\/www.fener.org\/index.php\/wp-json\/wp\/v2\/posts\/27478\/revisions"}],"predecessor-version":[{"id":27480,"href":"https:\/\/www.fener.org\/index.php\/wp-json\/wp\/v2\/posts\/27478\/revisions\/27480"}],"wp:featuredmedia":[{"embeddable":true,"href":"https:\/\/www.fener.org\/index.php\/wp-json\/wp\/v2\/media\/27479"}],"wp:attachment":[{"href":"https:\/\/www.fener.org\/index.php\/wp-json\/wp\/v2\/media?parent=27478"}],"wp:term":[{"taxonomy":"category","embeddable":true,"href":"https:\/\/www.fener.org\/index.php\/wp-json\/wp\/v2\/categories?post=27478"},{"taxonomy":"post_tag","embeddable":true,"href":"https:\/\/www.fener.org\/index.php\/wp-json\/wp\/v2\/tags?post=27478"}],"curies":[{"name":"wp","href":"https:\/\/api.w.org\/{rel}","templated":true}]}}