{"id":27468,"date":"2025-03-16T00:19:47","date_gmt":"2025-03-15T21:19:47","guid":{"rendered":"https:\/\/www.fener.org\/?p=27468"},"modified":"2025-03-16T00:19:57","modified_gmt":"2025-03-15T21:19:57","slug":"yelkencilerimiz-uc-sinifta-turkiye-sampiyonu-oldu","status":"publish","type":"post","link":"https:\/\/www.fener.org\/index.php\/2025\/03\/16\/yelkencilerimiz-uc-sinifta-turkiye-sampiyonu-oldu\/","title":{"rendered":"Yelkencilerimiz \u00fc\u00e7 s\u0131n\u0131fta T\u00fcrkiye \u015eampiyonu oldu"},"content":{"rendered":"\n<p>Fenerbah\u00e7e Do\u011fu\u015f Yelken \u015eubemiz, 10-15 Mart 2025 tarihleri aras\u0131nda \u0130zmir\u2019de d\u00fczenlenen TYF Yelken Ligi 420-470-29er T\u00fcrkiye \u015eampiyonas\u0131\u2019nda bir kez daha tarih yazd\u0131.<\/p>\n\n\n\n<p>Tak\u0131m\u0131m\u0131z, \u015fampiyona boyunca g\u00f6sterdi\u011fi \u00fcst\u00fcn performans ve kararl\u0131l\u0131kla \u00fc\u00e7 s\u0131n\u0131fta da T\u00fcrkiye \u015eampiyonu olarak zirveye ad\u0131n\u0131 alt\u0131n harflerle yazd\u0131rd\u0131!<\/p>\n\n\n\n<p>Bu b\u00fcy\u00fck ba\u015far\u0131yla tam 17 \u00f6d\u00fcl kazanan Fenerbah\u00e7e Do\u011fu\u015f Yelken, T\u00fcrk yelkencili\u011finde yine fark\u0131n\u0131 ortaya koydu!<\/p>\n\n\n\n<p>Sporcular\u0131m\u0131z\u0131n s\u0131ralamalar\u0131 ise \u015f\u00f6yle;<\/p>\n\n\n\n<p><strong>470 Genel<\/strong><br>1. Efe Tul\u00e7al\u0131 &#8211; Defne Dani\u015fmend<br>2.Beste Kaynak\u00e7\u0131 &#8211; Sezai Bora K\u00fct\u00fck<br>3.Can Ert\u00fcrk &#8211; Lara Nalbanto\u011flu<\/p>\n\n\n\n<p><strong>470Karma Gen\u00e7<\/strong><br>1.Nehir G\u00fczeltuna &#8211; Mete Salt\u0131k<br>2.\u00d6zlem Irmak Tomak &#8211; Ya\u011f\u0131z \u00d6nder<\/p>\n\n\n\n<p><strong>420 Genel<\/strong><br>1.Zeynep \u00c7a\u00e7ur &#8211; Zeynep Ela K\u00f6y<br>2.Can \u00c7a\u00e7ur &#8211; Aras \u015eeng\u00fcn<br>3.Ece Aksoy &#8211; Elif Kayac\u0131k<\/p>\n\n\n\n<p><strong>420 Karma<\/strong><br>2.Defne Ko\u00e7 &#8211; \u00c7a\u011fan Ko\u00e7<\/p>\n\n\n\n<p><strong>420 K\u0131zlar<\/strong><br>1.Zeynep \u00c7a\u00e7ur &#8211; Zeynep Ela K\u00f6y<br>2.Ece Aksoy &#8211; Elif Kayac\u0131k<\/p>\n\n\n\n<p><strong>420 U17 K\u0131zlar<\/strong><br>1.Ece Aksoy- Elif Kayac\u0131k<br>3.Ba\u015fak Pekkan &#8211; Melis Pehlivan<\/p>\n\n\n\n<p><strong>420 U15 Genel<\/strong><br>2.Mira Utlu &#8211; Maya Utlu<br>&nbsp;<br><strong>29er Genel<\/strong><br>1.Sinan \u00c7a\u00e7ur &#8211; Demir Nevzat \u00d6zel<br>2.Ela T\u0131rpanc\u0131 &#8211; Bilge Duru \u0130peko\u011flu<\/p>\n","protected":false},"excerpt":{"rendered":"<p>Fenerbah\u00e7e Do\u011fu\u015f Yelken \u015eubemiz, 10-15 Mart 2025 tarihleri aras\u0131nda \u0130zmir\u2019de d\u00fczenlenen TYF Yelken Ligi 420-470-29er T\u00fcrkiye \u015eampiyonas\u0131\u2019nda bir kez daha tarih yazd\u0131. Tak\u0131m\u0131m\u0131z, \u015fampiyona boyunca g\u00f6sterdi\u011fi \u00fcst\u00fcn performans ve kararl\u0131l\u0131kla \u00fc\u00e7 s\u0131n\u0131fta da T\u00fcrkiye \u015eampiyonu olarak zirveye ad\u0131n\u0131 alt\u0131n harflerle yazd\u0131rd\u0131! Bu b\u00fcy\u00fck ba\u015far\u0131yla tam 17 \u00f6d\u00fcl kazanan Fenerbah\u00e7e Do\u011fu\u015f Yelken, T\u00fcrk yelkencili\u011finde yine fark\u0131n\u0131 [&hellip;]<\/p>\n","protected":false},"author":1,"featured_media":27469,"comment_status":"closed","ping_status":"closed","sticky":false,"template":"","format":"standard","meta":{"jnews-multi-image_gallery":[],"jnews_single_post":{"format":"standard","override":[{"template":"1","parallax":"1","fullscreen":"1","layout":"right-sidebar","sidebar":"mysidebar","second_sidebar":"default-sidebar","sticky_sidebar":"1","share_position":"float","share_float_style":"share-normal","show_share_counter":"1","show_view_counter":"1","show_featured":"1","show_post_meta":"1","show_post_author_image":"1","show_post_date":"1","post_date_format":"default","post_date_format_custom":"Y\/m\/d","show_post_reading_time":"0","post_reading_time_wpm":"300","post_calculate_word_method":"str_word_count","show_zoom_button":"0","zoom_button_out_step":"2","zoom_button_in_step":"3","show_prev_next_post":"1","number_popup_post":"3","show_author_box":"0","show_post_related":"0","show_inline_post_related":"0"}],"image_override":[{"single_post_thumbnail_size":"crop-500","single_post_gallery_size":"crop-500"}],"trending_post_position":"meta","trending_post_label":"Trending","sponsored_post_label":"Sponsored by","disable_ad":"0"},"jnews_primary_category":{"id":"12"},"jnews_social_meta":[],"jnews_override_counter":{"view_counter_number":"0","share_counter_number":"0","like_counter_number":"0","dislike_counter_number":"0"},"footnotes":""},"categories":[2,12],"tags":[23,31],"class_list":["post-27468","post","type-post","status-publish","format-standard","has-post-thumbnail","hentry","category-haberler","category-yelken","tag-fenerbahce","tag-yelken"],"amp_enabled":true,"_links":{"self":[{"href":"https:\/\/www.fener.org\/index.php\/wp-json\/wp\/v2\/posts\/27468","targetHints":{"allow":["GET"]}}],"collection":[{"href":"https:\/\/www.fener.org\/index.php\/wp-json\/wp\/v2\/posts"}],"about":[{"href":"https:\/\/www.fener.org\/index.php\/wp-json\/wp\/v2\/types\/post"}],"author":[{"embeddable":true,"href":"https:\/\/www.fener.org\/index.php\/wp-json\/wp\/v2\/users\/1"}],"replies":[{"embeddable":true,"href":"https:\/\/www.fener.org\/index.php\/wp-json\/wp\/v2\/comments?post=27468"}],"version-history":[{"count":1,"href":"https:\/\/www.fener.org\/index.php\/wp-json\/wp\/v2\/posts\/27468\/revisions"}],"predecessor-version":[{"id":27470,"href":"https:\/\/www.fener.org\/index.php\/wp-json\/wp\/v2\/posts\/27468\/revisions\/27470"}],"wp:featuredmedia":[{"embeddable":true,"href":"https:\/\/www.fener.org\/index.php\/wp-json\/wp\/v2\/media\/27469"}],"wp:attachment":[{"href":"https:\/\/www.fener.org\/index.php\/wp-json\/wp\/v2\/media?parent=27468"}],"wp:term":[{"taxonomy":"category","embeddable":true,"href":"https:\/\/www.fener.org\/index.php\/wp-json\/wp\/v2\/categories?post=27468"},{"taxonomy":"post_tag","embeddable":true,"href":"https:\/\/www.fener.org\/index.php\/wp-json\/wp\/v2\/tags?post=27468"}],"curies":[{"name":"wp","href":"https:\/\/api.w.org\/{rel}","templated":true}]}}