{"id":27459,"date":"2025-03-15T21:23:08","date_gmt":"2025-03-15T18:23:08","guid":{"rendered":"https:\/\/www.fener.org\/?p=27459"},"modified":"2025-03-15T21:23:15","modified_gmt":"2025-03-15T18:23:15","slug":"fenerbahce-medicana-ligde-normal-sezonu-ucuncu-tamamladi","status":"publish","type":"post","link":"https:\/\/www.fener.org\/index.php\/2025\/03\/15\/fenerbahce-medicana-ligde-normal-sezonu-ucuncu-tamamladi\/","title":{"rendered":"Fenerbah\u00e7e Medicana, ligde normal sezonu \u00fc\u00e7\u00fcnc\u00fc tamamlad\u0131"},"content":{"rendered":"\n<p>Fenerbah\u00e7e Medicana Erkek Voleybol Tak\u0131m\u0131m\u0131z, SMS Grup Efeler Ligi 26. ve son hafta ma\u00e7\u0131nda Arkas Spor\u2019a konuk oldu. 27-25, 28-26, 23-25, 21-25 ve 15-8 setler sonunda ma\u00e7tan 3-2 ma\u011flup ay\u0131lan tak\u0131m\u0131m\u0131z, 17 galibiyetle ligde normal sezonu \u00fc\u00e7\u00fcnc\u00fc s\u0131rada tamamlad\u0131 ve play off turununda Galatasaray ile e\u015fle\u015fti.<\/p>\n\n\n\n<p>Tak\u0131m\u0131m\u0131z; Atat\u00fcrk Voleybol Salonu Vestel Spor Kompleksi\u2019nde oynanan ma\u00e7a Kaan G\u00fcrb\u00fcz, Jeffrey Jendryk, Earvin Ngapeth, Fabian Drzyzga, Yi\u011fit G\u00fclmezo\u011flu, Ahmet Samet Baltac\u0131, libero Caner Dengin ve Burak G\u00f6ng\u00f6r\u2019le ba\u015flado. Kar\u015f\u0131l\u0131kl\u0131 say\u0131lara sahne olan ilk seti 27-25 geride tamamlad\u0131.<\/p>\n\n\n\n<p>Skor \u00fcst\u00fcnl\u00fc\u011f\u00fcn\u00fcn bir\u00e7ok kez el de\u011fi\u015ftirdi\u011fi ikinci sette, son b\u00f6l\u00fcmde servis ve bloktan say\u0131lar bulan ev sahibi tak\u0131m 28-26\u2019l\u0131k skorla ma\u00e7ta durumu 2-0\u2019a getirdi.<\/p>\n\n\n\n<p>\u00dc\u00e7\u00fcnc\u00fc sette 4 say\u0131 geriden gelerek skoru 23-23\u2019te e\u015fitleyen Fenerbah\u00e7e Medicana, Yi\u011fit G\u00fclmezo\u011flu\u2019nun say\u0131lar\u0131yla seti 23-25 kazand\u0131 ve ma\u00e7ta durum 2-1\u2019e geldi.<\/p>\n\n\n\n<p>Yakalad\u0131\u011f\u0131 ivmeyi d\u00f6rd\u00fcnc\u00fc sete de ta\u015f\u0131yan ve Earvin Ngapeth ile fark yaratan tak\u0131m\u0131m\u0131z,&nbsp; 21-25\u2019lik skorla ma\u00e7ta durumu 2-2\u2019ye getirdi.<\/p>\n\n\n\n<p>Son seti 15-8 geride tamamlayan ekibimiz,&nbsp;ma\u00e7tan 3-2 ma\u011flup ayr\u0131ld\u0131.<\/p>\n","protected":false},"excerpt":{"rendered":"<p>Fenerbah\u00e7e Medicana Erkek Voleybol Tak\u0131m\u0131m\u0131z, SMS Grup Efeler Ligi 26. ve son hafta ma\u00e7\u0131nda Arkas Spor\u2019a konuk oldu. 27-25, 28-26, 23-25, 21-25 ve 15-8 setler sonunda ma\u00e7tan 3-2 ma\u011flup ay\u0131lan tak\u0131m\u0131m\u0131z, 17 galibiyetle ligde normal sezonu \u00fc\u00e7\u00fcnc\u00fc s\u0131rada tamamlad\u0131 ve play off turununda Galatasaray ile e\u015fle\u015fti. Tak\u0131m\u0131m\u0131z; Atat\u00fcrk Voleybol Salonu Vestel Spor Kompleksi\u2019nde oynanan ma\u00e7a [&hellip;]<\/p>\n","protected":false},"author":1,"featured_media":27460,"comment_status":"closed","ping_status":"closed","sticky":false,"template":"","format":"standard","meta":{"jnews-multi-image_gallery":[],"jnews_single_post":{"format":"standard","override":[{"template":"1","parallax":"1","fullscreen":"1","layout":"right-sidebar","sidebar":"mysidebar","second_sidebar":"default-sidebar","sticky_sidebar":"1","share_position":"float","share_float_style":"share-normal","show_share_counter":"1","show_view_counter":"1","show_featured":"1","show_post_meta":"1","show_post_author_image":"1","show_post_date":"1","post_date_format":"default","post_date_format_custom":"Y\/m\/d","show_post_reading_time":"0","post_reading_time_wpm":"300","post_calculate_word_method":"str_word_count","show_zoom_button":"0","zoom_button_out_step":"2","zoom_button_in_step":"3","show_prev_next_post":"1","number_popup_post":"3","show_author_box":"0","show_post_related":"0","show_inline_post_related":"0"}],"image_override":[{"single_post_thumbnail_size":"crop-500","single_post_gallery_size":"crop-500"}],"trending_post_position":"meta","trending_post_label":"Trending","sponsored_post_label":"Sponsored by","disable_ad":"0","subtitle":"Fenerbah\u00e7e Erkek Voleybol Tak\u0131m\u0131m\u0131z, Efeler Ligi 26. ve son hafta ma\u00e7\u0131nda Arkas Spor ile deplasmanda oynad\u0131\u011f\u0131 m\u00fccadeleden 3-2 ma\u011flup ay\u0131larak ligde normal sezonu \u00fc\u00e7\u00fcnc\u00fc s\u0131rada tamamlad\u0131 ve play off turununda Galatasaray ile e\u015fle\u015fti."},"jnews_primary_category":{"id":"8"},"jnews_social_meta":[],"jnews_override_counter":{"view_counter_number":"0","share_counter_number":"0","like_counter_number":"0","dislike_counter_number":"0"},"footnotes":""},"categories":[9,2,8],"tags":[23,29],"class_list":["post-27459","post","type-post","status-publish","format-standard","has-post-thumbnail","hentry","category-erkek-voleybol","category-haberler","category-voleybol","tag-fenerbahce","tag-voleybol"],"amp_enabled":true,"_links":{"self":[{"href":"https:\/\/www.fener.org\/index.php\/wp-json\/wp\/v2\/posts\/27459","targetHints":{"allow":["GET"]}}],"collection":[{"href":"https:\/\/www.fener.org\/index.php\/wp-json\/wp\/v2\/posts"}],"about":[{"href":"https:\/\/www.fener.org\/index.php\/wp-json\/wp\/v2\/types\/post"}],"author":[{"embeddable":true,"href":"https:\/\/www.fener.org\/index.php\/wp-json\/wp\/v2\/users\/1"}],"replies":[{"embeddable":true,"href":"https:\/\/www.fener.org\/index.php\/wp-json\/wp\/v2\/comments?post=27459"}],"version-history":[{"count":1,"href":"https:\/\/www.fener.org\/index.php\/wp-json\/wp\/v2\/posts\/27459\/revisions"}],"predecessor-version":[{"id":27461,"href":"https:\/\/www.fener.org\/index.php\/wp-json\/wp\/v2\/posts\/27459\/revisions\/27461"}],"wp:featuredmedia":[{"embeddable":true,"href":"https:\/\/www.fener.org\/index.php\/wp-json\/wp\/v2\/media\/27460"}],"wp:attachment":[{"href":"https:\/\/www.fener.org\/index.php\/wp-json\/wp\/v2\/media?parent=27459"}],"wp:term":[{"taxonomy":"category","embeddable":true,"href":"https:\/\/www.fener.org\/index.php\/wp-json\/wp\/v2\/categories?post=27459"},{"taxonomy":"post_tag","embeddable":true,"href":"https:\/\/www.fener.org\/index.php\/wp-json\/wp\/v2\/tags?post=27459"}],"curies":[{"name":"wp","href":"https:\/\/api.w.org\/{rel}","templated":true}]}}