{"id":27444,"date":"2025-03-15T07:54:48","date_gmt":"2025-03-15T04:54:48","guid":{"rendered":"https:\/\/www.fener.org\/?p=27444"},"modified":"2025-03-15T07:54:55","modified_gmt":"2025-03-15T04:54:55","slug":"fenerbahce-medicana-arkas-spora-konuk-oluyor","status":"publish","type":"post","link":"https:\/\/www.fener.org\/index.php\/2025\/03\/15\/fenerbahce-medicana-arkas-spora-konuk-oluyor\/","title":{"rendered":"Fenerbah\u00e7e Medicana, Arkas Spor\u2019a konuk oluyor"},"content":{"rendered":"\n<p>Fenerbah\u00e7e Medicana Erkek Voleybol Tak\u0131m\u0131m\u0131z, SMS Grup Efeler Ligi 26. hafta ma\u00e7\u0131nda Arkas Spor\u2019a konuk olacak. 15 Mart Cumartesi g\u00fcn\u00fc (yar\u0131n) Ziraat Bankkart Voleybol Salonu\u2019nda oynanacak kar\u015f\u0131la\u015fma saat 16.00\u2019da ba\u015flayacak ve TVF Voleybol TV\u2019den canl\u0131 yay\u0131nlanacak.<\/p>\n\n\n\n<p>22 ma\u00e7ta 17 galibiyet elde eden Fenerbah\u00e7e Medicana haftaya 47 puanla 2., Arkas Spor ise 47 puanla 4. s\u0131rada girdi.<\/p>\n\n\n\n<p>Sar\u0131 lacivertliler, ligin ilk yar\u0131s\u0131nda rakibini 3-2 ma\u011flup etmi\u015fti.<\/p>\n","protected":false},"excerpt":{"rendered":"<p>Fenerbah\u00e7e Medicana Erkek Voleybol Tak\u0131m\u0131m\u0131z, SMS Grup Efeler Ligi 26. hafta ma\u00e7\u0131nda Arkas Spor\u2019a konuk olacak. 15 Mart Cumartesi g\u00fcn\u00fc (yar\u0131n) Ziraat Bankkart Voleybol Salonu\u2019nda oynanacak kar\u015f\u0131la\u015fma saat 16.00\u2019da ba\u015flayacak ve TVF Voleybol TV\u2019den canl\u0131 yay\u0131nlanacak. 22 ma\u00e7ta 17 galibiyet elde eden Fenerbah\u00e7e Medicana haftaya 47 puanla 2., Arkas Spor ise 47 puanla 4. s\u0131rada [&hellip;]<\/p>\n","protected":false},"author":1,"featured_media":27301,"comment_status":"closed","ping_status":"closed","sticky":false,"template":"","format":"standard","meta":{"jnews-multi-image_gallery":[],"jnews_single_post":{"format":"standard","override":[{"template":"1","parallax":"1","fullscreen":"1","layout":"right-sidebar","sidebar":"mysidebar","second_sidebar":"default-sidebar","sticky_sidebar":"1","share_position":"float","share_float_style":"share-normal","show_share_counter":"1","show_view_counter":"1","show_featured":"1","show_post_meta":"1","show_post_author_image":"1","show_post_date":"1","post_date_format":"default","post_date_format_custom":"Y\/m\/d","show_post_reading_time":"0","post_reading_time_wpm":"300","post_calculate_word_method":"str_word_count","show_zoom_button":"0","zoom_button_out_step":"2","zoom_button_in_step":"3","show_prev_next_post":"1","number_popup_post":"3","show_author_box":"0","show_post_related":"0","show_inline_post_related":"0"}],"image_override":[{"single_post_thumbnail_size":"crop-500","single_post_gallery_size":"crop-500"}],"trending_post_position":"meta","trending_post_label":"Trending","sponsored_post_label":"Sponsored by","disable_ad":"0","subtitle":"Fenerbah\u00e7e Erkek Voleybol Tak\u0131m\u0131m\u0131z, Efeler Ligi'nin 26. haftas\u0131nda Arkas Spor ile deplasmanda m\u00fccadele edecek."},"jnews_primary_category":{"id":"8"},"jnews_social_meta":[],"jnews_override_counter":{"view_counter_number":"0","share_counter_number":"0","like_counter_number":"0","dislike_counter_number":"0"},"footnotes":""},"categories":[9,2,8],"tags":[23,29],"class_list":["post-27444","post","type-post","status-publish","format-standard","has-post-thumbnail","hentry","category-erkek-voleybol","category-haberler","category-voleybol","tag-fenerbahce","tag-voleybol"],"amp_enabled":true,"_links":{"self":[{"href":"https:\/\/www.fener.org\/index.php\/wp-json\/wp\/v2\/posts\/27444","targetHints":{"allow":["GET"]}}],"collection":[{"href":"https:\/\/www.fener.org\/index.php\/wp-json\/wp\/v2\/posts"}],"about":[{"href":"https:\/\/www.fener.org\/index.php\/wp-json\/wp\/v2\/types\/post"}],"author":[{"embeddable":true,"href":"https:\/\/www.fener.org\/index.php\/wp-json\/wp\/v2\/users\/1"}],"replies":[{"embeddable":true,"href":"https:\/\/www.fener.org\/index.php\/wp-json\/wp\/v2\/comments?post=27444"}],"version-history":[{"count":1,"href":"https:\/\/www.fener.org\/index.php\/wp-json\/wp\/v2\/posts\/27444\/revisions"}],"predecessor-version":[{"id":27445,"href":"https:\/\/www.fener.org\/index.php\/wp-json\/wp\/v2\/posts\/27444\/revisions\/27445"}],"wp:featuredmedia":[{"embeddable":true,"href":"https:\/\/www.fener.org\/index.php\/wp-json\/wp\/v2\/media\/27301"}],"wp:attachment":[{"href":"https:\/\/www.fener.org\/index.php\/wp-json\/wp\/v2\/media?parent=27444"}],"wp:term":[{"taxonomy":"category","embeddable":true,"href":"https:\/\/www.fener.org\/index.php\/wp-json\/wp\/v2\/categories?post=27444"},{"taxonomy":"post_tag","embeddable":true,"href":"https:\/\/www.fener.org\/index.php\/wp-json\/wp\/v2\/tags?post=27444"}],"curies":[{"name":"wp","href":"https:\/\/api.w.org\/{rel}","templated":true}]}}